{"id":28146,"date":"2024-05-29T15:43:40","date_gmt":"2024-05-29T18:43:40","guid":{"rendered":"https:\/\/colorandinafoods.com.br\/?p=28146"},"modified":"2026-02-23T14:12:52","modified_gmt":"2026-02-23T17:12:52","slug":"chegou-a-stevia-color-liquida-adocante-natural-saudavel-e-sem-gosto-residual-amargo","status":"publish","type":"post","link":"https:\/\/www.colorandinafoods.com.br\/blog\/chegou-a-stevia-color-liquida-adocante-natural-saudavel-e-sem-gosto-residual-amargo\/","title":{"rendered":"Chegou a Stevia Color L\u00edquida: ado\u00e7ante natural, saud\u00e1vel e sem gosto residual amargo"},"content":{"rendered":"<p>A busca por alternativas saud\u00e1veis e a preocupa\u00e7\u00e3o crescente com uma vida mais equilibrada tem levado cada vez mais pessoas a renunciar ao a\u00e7\u00facar em sua alimenta\u00e7\u00e3o, o que gerou uma grande procura por ado\u00e7antes naturais. Entre esses, a Stevia destaca-se como uma excelente escolha.<\/p>\n<p>A Stevia \u00e9 um ado\u00e7ante natural obtido da planta Stevia <em>Rebaudiana Bertoni<\/em>, que pode ser utilizada para substituir o a\u00e7\u00facar convencional em sucos, ch\u00e1s, bolos e outros doces.<\/p>\n<p>Neste contexto, a Color Andina, marca que j\u00e1 \u00e9 reconhecida por entregar ao mercado a <strong>\u00fanica linha de ado\u00e7antes Stevia sem sabor residual amargo, apresenta agora ao mercado a Stevia Color L\u00edquida<\/strong>: a mesma qualidade, agora num formato novo, que o brasileiro j\u00e1 est\u00e1 super acostumado a consumir ado\u00e7antes.<\/p>\n<p>\t\t\t\t\t\t\t\t\t\t\t\t\t\t<a href=\"https:\/\/colorandinafoods.com.br\/categoria-produto\/adocante-stevia\/stevia-color-liquido\/?utm_source=SEO&#038;utm_medium=Artigo&#038;utm_campaign=Stevia+Color+Liquida\" target=\"_blank\" rel=\"noopener\"><br \/>\n\t\t\t\t\t\t\t<img fetchpriority=\"high\" decoding=\"async\" width=\"660\" height=\"141\" src=\"https:\/\/colorandinafoods.com.br\/wp-content\/uploads\/2024\/05\/stevia-liq-1024x219.png\" alt=\"adocante-stevia-liquida-color-andina-30ml-promocao-30off-site-oficial\" srcset=\"https:\/\/colorandinafoods.com.br\/wp-content\/uploads\/2024\/05\/stevia-liq-1024x219.png 1024w, https:\/\/colorandinafoods.com.br\/wp-content\/uploads\/2024\/05\/stevia-liq-300x64.png 300w, https:\/\/colorandinafoods.com.br\/wp-content\/uploads\/2024\/05\/stevia-liq-768x165.png 768w, https:\/\/colorandinafoods.com.br\/wp-content\/uploads\/2024\/05\/stevia-liq-500x107.png 500w, https:\/\/colorandinafoods.com.br\/wp-content\/uploads\/2024\/05\/stevia-liq-150x32.png 150w, https:\/\/colorandinafoods.com.br\/wp-content\/uploads\/2024\/05\/stevia-liq.png 1400w\" sizes=\"(max-width: 660px) 100vw, 660px\" \/>\t\t\t\t\t\t\t\t<\/a><\/p>\n<h2>O que \u00e9 Stevia Color L\u00edquida?<\/h2>\n<p>\t\t\t\t\t\t\t\t\t\t\t\t\t<img decoding=\"async\" width=\"660\" height=\"660\" src=\"https:\/\/colorandinafoods.com.br\/wp-content\/uploads\/2024\/05\/6-1024x1024.jpg\" alt=\"Stevia Color Liquida\" srcset=\"https:\/\/colorandinafoods.com.br\/wp-content\/uploads\/2024\/05\/6-1024x1024.jpg 1024w, https:\/\/colorandinafoods.com.br\/wp-content\/uploads\/2024\/05\/6-300x300.jpg 300w, https:\/\/colorandinafoods.com.br\/wp-content\/uploads\/2024\/05\/6-150x150.jpg 150w, https:\/\/colorandinafoods.com.br\/wp-content\/uploads\/2024\/05\/6-768x768.jpg 768w, https:\/\/colorandinafoods.com.br\/wp-content\/uploads\/2024\/05\/6-1536x1536.jpg 1536w, https:\/\/colorandinafoods.com.br\/wp-content\/uploads\/2024\/05\/6-2048x2048.jpg 2048w, https:\/\/colorandinafoods.com.br\/wp-content\/uploads\/2024\/05\/6-70x70.jpg 70w, https:\/\/colorandinafoods.com.br\/wp-content\/uploads\/2024\/05\/6-500x500.jpg 500w, https:\/\/colorandinafoods.com.br\/wp-content\/uploads\/2024\/05\/6-100x100.jpg 100w, https:\/\/colorandinafoods.com.br\/wp-content\/uploads\/2024\/05\/6-96x96.jpg 96w\" sizes=\"(max-width: 660px) 100vw, 660px\" \/>\t\t\t\t\t\t\t\t\t\t\t\t\t<\/p>\n<p>A Stevia Color L\u00edquida \u00e9 um ado\u00e7ante l\u00edquido composto por ingredientes <strong>100% naturais<\/strong>. Ela \u00e9 formulada a partir de dois edulcorantes naturais: a <em>stevia reb A<\/em> (uma nova gera\u00e7\u00e3o de stevia) e a <em>taumatina<\/em>. A inova\u00e7\u00e3o da Stevia Color, de fazer a extra\u00e7\u00e3o somente da fra\u00e7\u00e3o doce da folha (RebA), garantiu que a Stevia n\u00e3o tenha mais o temido retrogosto ou sabor met\u00e1lico. Essa combina\u00e7\u00e3o n\u00e3o fermenta no intestino, conforme indicado por estudos recentes, garantindo uma experi\u00eancia agrad\u00e1vel ao paladar sem causar desconfortos digestivos.<\/p>\n<p>Com ingredientes 100% naturais, sem amargor residual e 300 vezes mais doce que o a\u00e7\u00facar, \u00e9 perfeita para <u>ado\u00e7ar sucos, caf\u00e9, ch\u00e1s, bebidas e <\/u><u>smoothies<\/u>.<\/p>\n<h2>Benef\u00edcios da Stevia Color L\u00edquida<\/h2>\n<ul>\n<li>Ingredientes 100% naturais: edulcorantes naturais \u00e0 Glicos\u00eddeos de Esteviol (Stevia) e Taumatina;<\/li>\n<li>\u00c9 um ado\u00e7ante seguro, 100% eliminado pelo organismo;<\/li>\n<li>Pode favorecer a perda de peso, j\u00e1 que possui poucas calorias;<\/li>\n<li>\u00daNICA do mercado sem sabor residual amargo;<\/li>\n<li>Mant\u00e9m seu poder ado\u00e7ante em altas temperaturas;<\/li>\n<li>\u00c9 vegana e sem gl\u00faten;<\/li>\n<li>Rendimento excelente: 4 gotas equivalem ao poder ado\u00e7ante de 1 colher de sopa de a\u00e7\u00facar. Assim, <strong>1 frasco de 30ml ado\u00e7a 200 caf\u00e9s<\/strong>.<\/li>\n<\/ul>\n<p>\t\t\t\t\t\t\t\t\t\t\t\t\t<img decoding=\"async\" width=\"660\" height=\"525\" src=\"https:\/\/colorandinafoods.com.br\/wp-content\/uploads\/2024\/05\/Sessao-do-Studio-255-1024x815.jpg\" alt=\"Stevia Color Liquida\" srcset=\"https:\/\/colorandinafoods.com.br\/wp-content\/uploads\/2024\/05\/Sessao-do-Studio-255-1024x815.jpg 1024w, https:\/\/colorandinafoods.com.br\/wp-content\/uploads\/2024\/05\/Sessao-do-Studio-255-300x239.jpg 300w, https:\/\/colorandinafoods.com.br\/wp-content\/uploads\/2024\/05\/Sessao-do-Studio-255-768x611.jpg 768w, https:\/\/colorandinafoods.com.br\/wp-content\/uploads\/2024\/05\/Sessao-do-Studio-255-1536x1222.jpg 1536w, https:\/\/colorandinafoods.com.br\/wp-content\/uploads\/2024\/05\/Sessao-do-Studio-255-2048x1630.jpg 2048w, https:\/\/colorandinafoods.com.br\/wp-content\/uploads\/2024\/05\/Sessao-do-Studio-255-500x398.jpg 500w, https:\/\/colorandinafoods.com.br\/wp-content\/uploads\/2024\/05\/Sessao-do-Studio-255-150x119.jpg 150w\" sizes=\"(max-width: 660px) 100vw, 660px\" \/>\t\t\t\t\t\t\t\t\t\t\t\t\t<\/p>\n<p>A Stevia Color L\u00edquida \u00e9 uma excelente alternativa ao a\u00e7\u00facar, oferecendo um sabor doce sem os efeitos negativos associados ao consumo de a\u00e7\u00facar. Com suas caracter\u00edsticas naturais e zero calorias, \u00e9 ideal para pessoas com restri\u00e7\u00e3o ao a\u00e7\u00facar e para aqueles que buscam uma vida mais saud\u00e1vel.<\/p>\n<p>Al\u00e9m disso, sua composi\u00e7\u00e3o vegana e sem gl\u00faten torna-a adequada para toda a fam\u00edlia.<\/p>\n<p><strong>Experimente a Stevia Color L\u00edquida e descubra como \u00e9 poss\u00edvel desfrutar do sabor doce de forma saud\u00e1vel e natural!<\/strong><\/p>\n<p>\t\t\t\t\t\t\t\t\t\t\t\t\t\t<a href=\"https:\/\/colorandinafoods.com.br\/categoria-produto\/adocante-stevia\/stevia-color-liquido\/?utm_source=SEO&#038;utm_medium=Artigo&#038;utm_campaign=Stevia+Color+Liquida\" target=\"_blank\" rel=\"noopener\"><br \/>\n\t\t\t\t\t\t\t<img loading=\"lazy\" decoding=\"async\" width=\"660\" height=\"142\" src=\"https:\/\/colorandinafoods.com.br\/wp-content\/uploads\/2024\/05\/stevia-liq-768x165.png\" alt=\"adocante-stevia-liquida-color-andina-30ml-promocao-30off-site-oficial\" srcset=\"https:\/\/colorandinafoods.com.br\/wp-content\/uploads\/2024\/05\/stevia-liq-768x165.png 768w, https:\/\/colorandinafoods.com.br\/wp-content\/uploads\/2024\/05\/stevia-liq-300x64.png 300w, https:\/\/colorandinafoods.com.br\/wp-content\/uploads\/2024\/05\/stevia-liq-1024x219.png 1024w, https:\/\/colorandinafoods.com.br\/wp-content\/uploads\/2024\/05\/stevia-liq-500x107.png 500w, https:\/\/colorandinafoods.com.br\/wp-content\/uploads\/2024\/05\/stevia-liq-150x32.png 150w, https:\/\/colorandinafoods.com.br\/wp-content\/uploads\/2024\/05\/stevia-liq.png 1400w\" sizes=\"(max-width: 660px) 100vw, 660px\" \/>\t\t\t\t\t\t\t\t<\/a><\/p>\n<h2>Conhe\u00e7a as demais Stevias Color Andina: uma linha completa para todas as ocasi\u00f5es<\/h2>\n<h3>Stevia Color<\/h3>\n<p>A <strong>Stevia Color Andina<\/strong> \u00e9 um ado\u00e7ante de alta pot\u00eancia de dul\u00e7or, podendo ser encontrado em <strong>p\u00f3 e em sach\u00ea<\/strong> (garantindo praticidade na medida certa).<\/p>\n<p>\t\t\t\t\t\t\t\t\t\t\t\t\t<img loading=\"lazy\" decoding=\"async\" width=\"660\" height=\"710\" src=\"https:\/\/colorandinafoods.com.br\/wp-content\/uploads\/2024\/05\/Color0174-952x1024.jpg\" alt=\"Stevia ColorStevia sache color andina foods\" srcset=\"https:\/\/colorandinafoods.com.br\/wp-content\/uploads\/2024\/05\/Color0174-952x1024.jpg 952w, https:\/\/colorandinafoods.com.br\/wp-content\/uploads\/2024\/05\/Color0174-279x300.jpg 279w, https:\/\/colorandinafoods.com.br\/wp-content\/uploads\/2024\/05\/Color0174-768x826.jpg 768w, https:\/\/colorandinafoods.com.br\/wp-content\/uploads\/2024\/05\/Color0174-1429x1536.jpg 1429w, https:\/\/colorandinafoods.com.br\/wp-content\/uploads\/2024\/05\/Color0174-1905x2048.jpg 1905w, https:\/\/colorandinafoods.com.br\/wp-content\/uploads\/2024\/05\/Color0174-500x538.jpg 500w, https:\/\/colorandinafoods.com.br\/wp-content\/uploads\/2024\/05\/Color0174-150x161.jpg 150w\" sizes=\"(max-width: 660px) 100vw, 660px\" \/><br \/>\n\t\t\t\t\t\t\t\t\t\t\t\t\t<img loading=\"lazy\" decoding=\"async\" width=\"660\" height=\"616\" src=\"https:\/\/colorandinafoods.com.br\/wp-content\/uploads\/2024\/05\/Color0196-1024x955.jpg\" alt=\"Stevia Stevia sache color andina foods\" srcset=\"https:\/\/colorandinafoods.com.br\/wp-content\/uploads\/2024\/05\/Color0196-1024x955.jpg 1024w, https:\/\/colorandinafoods.com.br\/wp-content\/uploads\/2024\/05\/Color0196-300x280.jpg 300w, https:\/\/colorandinafoods.com.br\/wp-content\/uploads\/2024\/05\/Color0196-768x716.jpg 768w, https:\/\/colorandinafoods.com.br\/wp-content\/uploads\/2024\/05\/Color0196-1536x1433.jpg 1536w, https:\/\/colorandinafoods.com.br\/wp-content\/uploads\/2024\/05\/Color0196-2048x1910.jpg 2048w, https:\/\/colorandinafoods.com.br\/wp-content\/uploads\/2024\/05\/Color0196-500x466.jpg 500w, https:\/\/colorandinafoods.com.br\/wp-content\/uploads\/2024\/05\/Color0196-150x140.jpg 150w\" sizes=\"(max-width: 660px) 100vw, 660px\" \/>\t\t\t\t\t\t\t\t\t\t\t\t\t<\/p>\n<h3>Stevia Color Forno e Fog\u00e3o<\/h3>\n<p>A <strong>Stevia Color Forno e Fog\u00e3o<\/strong> \u00e9 um ado\u00e7ante pr\u00f3prio para substituir o a\u00e7\u00facar em suas receitas, na propor\u00e7\u00e3o certa (1 para 1 com a\u00e7\u00facar), garantindo o mesmo sabor. Funciona da mesma forma que o a\u00e7\u00facar tradicional, inclusive com textura, permitindo todo tipo de prepara\u00e7\u00f5es como caramelo, bolos, sorvetes, tortas etc.<\/p>\n<p>\t\t\t\t\t\t\t\t\t\t\t\t\t<img loading=\"lazy\" decoding=\"async\" width=\"660\" height=\"448\" src=\"https:\/\/colorandinafoods.com.br\/wp-content\/uploads\/2024\/05\/Color0265-1024x695.jpg\" alt=\"Ado\u00e7ante forno e fog\u00e3o color andina foods\" srcset=\"https:\/\/colorandinafoods.com.br\/wp-content\/uploads\/2024\/05\/Color0265-1024x695.jpg 1024w, https:\/\/colorandinafoods.com.br\/wp-content\/uploads\/2024\/05\/Color0265-300x203.jpg 300w, https:\/\/colorandinafoods.com.br\/wp-content\/uploads\/2024\/05\/Color0265-768x521.jpg 768w, https:\/\/colorandinafoods.com.br\/wp-content\/uploads\/2024\/05\/Color0265-1536x1042.jpg 1536w, https:\/\/colorandinafoods.com.br\/wp-content\/uploads\/2024\/05\/Color0265-2048x1389.jpg 2048w, https:\/\/colorandinafoods.com.br\/wp-content\/uploads\/2024\/05\/Color0265-500x339.jpg 500w, https:\/\/colorandinafoods.com.br\/wp-content\/uploads\/2024\/05\/Color0265-150x102.jpg 150w\" sizes=\"(max-width: 660px) 100vw, 660px\" \/><br \/>\n\t\t\t\t\t\t\t\t\t\t\t\t\t\t<a href=\"https:\/\/colorandinafoods.com.br\/categoria-produto\/adocante-stevia\/stevia-color-liquido\/?utm_source=SEO&#038;utm_medium=Artigo&#038;utm_campaign=Stevia+Color+Liquida\" target=\"_blank\" rel=\"noopener\"><br \/>\n\t\t\t\t\t\t\t<img fetchpriority=\"high\" decoding=\"async\" width=\"660\" height=\"141\" src=\"https:\/\/colorandinafoods.com.br\/wp-content\/uploads\/2024\/05\/stevia-liq-1024x219.png\" alt=\"adocante-stevia-liquida-color-andina-30ml-promocao-30off-site-oficial\" srcset=\"https:\/\/colorandinafoods.com.br\/wp-content\/uploads\/2024\/05\/stevia-liq-1024x219.png 1024w, https:\/\/colorandinafoods.com.br\/wp-content\/uploads\/2024\/05\/stevia-liq-300x64.png 300w, https:\/\/colorandinafoods.com.br\/wp-content\/uploads\/2024\/05\/stevia-liq-768x165.png 768w, https:\/\/colorandinafoods.com.br\/wp-content\/uploads\/2024\/05\/stevia-liq-500x107.png 500w, https:\/\/colorandinafoods.com.br\/wp-content\/uploads\/2024\/05\/stevia-liq-150x32.png 150w, https:\/\/colorandinafoods.com.br\/wp-content\/uploads\/2024\/05\/stevia-liq.png 1400w\" sizes=\"(max-width: 660px) 100vw, 660px\" \/>\t\t\t\t\t\t\t\t<\/a><\/p>\n","protected":false},"excerpt":{"rendered":"<p>A busca por alternativas saud\u00e1veis e a preocupa\u00e7\u00e3o crescente com uma vida mais equilibrada tem levado cada vez mais pessoas a renunciar ao a\u00e7\u00facar em sua alimenta\u00e7\u00e3o, o que gerou uma grande procura por ado\u00e7antes naturais. Entre esses, a Stevia destaca-se como uma excelente escolha. A Stevia \u00e9 um ado\u00e7ante natural obtido da planta Stevia<\/p>\n<p class=\"link-more\"><a href=\"https:\/\/www.colorandinafoods.com.br\/blog\/chegou-a-stevia-color-liquida-adocante-natural-saudavel-e-sem-gosto-residual-amargo\/\" class=\"more-link\"><span>Read More<\/span><\/a><\/p>\n","protected":false},"author":1,"featured_media":28162,"comment_status":"open","ping_status":"open","sticky":false,"template":"","format":"standard","meta":{"footnotes":""},"categories":[8],"tags":[251,96,4,119,6,250,249],"class_list":["post-28146","post","type-post","status-publish","format-standard","has-post-thumbnail","hentry","category-stevia","tag-adocante-sem-gosto-amargo","tag-adocante-stevia","tag-color-andina","tag-color-andina-foods","tag-stevia","tag-stevia-color","tag-stevia-color-liquida"],"yoast_head":"<!-- This site is optimized with the Yoast SEO plugin v24.2 - https:\/\/yoast.com\/wordpress\/plugins\/seo\/ -->\n<title>Chegou a Stevia Color L\u00edquida: ado\u00e7ante natural, saud\u00e1vel e sem gosto residual amargo - Color Andina Foods<\/title>\n<meta name=\"description\" content=\"Completando nossa j\u00e1 reconhecid\u00edssima linha de ado\u00e7antes Stevia, chega agora ao mercado a Stevia Color L\u00edquida. Saiba mais!\" \/>\n<meta name=\"robots\" content=\"index, follow, max-snippet:-1, max-image-preview:large, max-video-preview:-1\" \/>\n<link rel=\"canonical\" href=\"https:\/\/www.colorandinafoods.com.br\/blog\/chegou-a-stevia-color-liquida-adocante-natural-saudavel-e-sem-gosto-residual-amargo\/\" \/>\n<meta property=\"og:locale\" content=\"pt_BR\" \/>\n<meta property=\"og:type\" content=\"article\" \/>\n<meta property=\"og:title\" content=\"Chegou a Stevia Color L\u00edquida: ado\u00e7ante natural, saud\u00e1vel e sem gosto residual amargo - Color Andina Foods\" \/>\n<meta property=\"og:description\" content=\"Completando nossa j\u00e1 reconhecid\u00edssima linha de ado\u00e7antes Stevia, chega agora ao mercado a Stevia Color L\u00edquida. Saiba mais!\" \/>\n<meta property=\"og:url\" content=\"https:\/\/www.colorandinafoods.com.br\/blog\/chegou-a-stevia-color-liquida-adocante-natural-saudavel-e-sem-gosto-residual-amargo\/\" \/>\n<meta property=\"og:site_name\" content=\"Color Andina Foods\" \/>\n<meta property=\"article:published_time\" content=\"2024-05-29T18:43:40+00:00\" \/>\n<meta property=\"article:modified_time\" content=\"2026-02-23T17:12:52+00:00\" \/>\n<meta property=\"og:image\" content=\"https:\/\/blog.colorandinafoods.com.br\/wp-content\/uploads\/2024\/05\/Sessao-do-Studio-265-scaled.jpg\" \/>\n\t<meta property=\"og:image:width\" content=\"2560\" \/>\n\t<meta property=\"og:image:height\" content=\"1631\" \/>\n\t<meta property=\"og:image:type\" content=\"image\/jpeg\" \/>\n<meta name=\"author\" content=\"mmt_colorandina\" \/>\n<meta name=\"twitter:card\" content=\"summary_large_image\" \/>\n<meta name=\"twitter:label1\" content=\"Escrito por\" \/>\n\t<meta name=\"twitter:data1\" content=\"\" \/>\n\t<meta name=\"twitter:label2\" content=\"Est. tempo de leitura\" \/>\n\t<meta name=\"twitter:data2\" content=\"5 minutos\" \/>\n<script type=\"application\/ld+json\" class=\"yoast-schema-graph\">{\"@context\":\"https:\/\/schema.org\",\"@graph\":[{\"@type\":\"WebPage\",\"@id\":\"https:\/\/www.colorandinafoods.com.br\/blog\/chegou-a-stevia-color-liquida-adocante-natural-saudavel-e-sem-gosto-residual-amargo\/\",\"url\":\"https:\/\/www.colorandinafoods.com.br\/blog\/chegou-a-stevia-color-liquida-adocante-natural-saudavel-e-sem-gosto-residual-amargo\/\",\"name\":\"Chegou a Stevia Color L\u00edquida: ado\u00e7ante natural, saud\u00e1vel e sem gosto residual amargo - Color Andina Foods\",\"isPartOf\":{\"@id\":\"https:\/\/www.colorandinafoods.com.br\/blog\/#website\"},\"primaryImageOfPage\":{\"@id\":\"https:\/\/www.colorandinafoods.com.br\/blog\/chegou-a-stevia-color-liquida-adocante-natural-saudavel-e-sem-gosto-residual-amargo\/#primaryimage\"},\"image\":{\"@id\":\"https:\/\/www.colorandinafoods.com.br\/blog\/chegou-a-stevia-color-liquida-adocante-natural-saudavel-e-sem-gosto-residual-amargo\/#primaryimage\"},\"thumbnailUrl\":\"https:\/\/www.colorandinafoods.com.br\/blog\/wp-content\/uploads\/2024\/05\/Sessao-do-Studio-265-scaled.jpg\",\"datePublished\":\"2024-05-29T18:43:40+00:00\",\"dateModified\":\"2026-02-23T17:12:52+00:00\",\"author\":{\"@id\":\"https:\/\/www.colorandinafoods.com.br\/blog\/#\/schema\/person\/eb9c4d42a8281609c71790332e602096\"},\"description\":\"Completando nossa j\u00e1 reconhecid\u00edssima linha de ado\u00e7antes Stevia, chega agora ao mercado a Stevia Color L\u00edquida. Saiba mais!\",\"breadcrumb\":{\"@id\":\"https:\/\/www.colorandinafoods.com.br\/blog\/chegou-a-stevia-color-liquida-adocante-natural-saudavel-e-sem-gosto-residual-amargo\/#breadcrumb\"},\"inLanguage\":\"pt-BR\",\"potentialAction\":[{\"@type\":\"ReadAction\",\"target\":[\"https:\/\/www.colorandinafoods.com.br\/blog\/chegou-a-stevia-color-liquida-adocante-natural-saudavel-e-sem-gosto-residual-amargo\/\"]}]},{\"@type\":\"ImageObject\",\"inLanguage\":\"pt-BR\",\"@id\":\"https:\/\/www.colorandinafoods.com.br\/blog\/chegou-a-stevia-color-liquida-adocante-natural-saudavel-e-sem-gosto-residual-amargo\/#primaryimage\",\"url\":\"https:\/\/www.colorandinafoods.com.br\/blog\/wp-content\/uploads\/2024\/05\/Sessao-do-Studio-265-scaled.jpg\",\"contentUrl\":\"https:\/\/www.colorandinafoods.com.br\/blog\/wp-content\/uploads\/2024\/05\/Sessao-do-Studio-265-scaled.jpg\",\"width\":2560,\"height\":1631,\"caption\":\"Stevia color liquida\"},{\"@type\":\"BreadcrumbList\",\"@id\":\"https:\/\/www.colorandinafoods.com.br\/blog\/chegou-a-stevia-color-liquida-adocante-natural-saudavel-e-sem-gosto-residual-amargo\/#breadcrumb\",\"itemListElement\":[{\"@type\":\"ListItem\",\"position\":1,\"name\":\"In\u00edcio\",\"item\":\"https:\/\/www.colorandinafoods.com.br\/blog\/\"},{\"@type\":\"ListItem\",\"position\":2,\"name\":\"Chegou a Stevia Color L\u00edquida: ado\u00e7ante natural, saud\u00e1vel e sem gosto residual amargo\"}]},{\"@type\":\"WebSite\",\"@id\":\"https:\/\/www.colorandinafoods.com.br\/blog\/#website\",\"url\":\"https:\/\/www.colorandinafoods.com.br\/blog\/\",\"name\":\"Color Andina Foods\",\"description\":\"Paix\u00e3o pelo natural!\",\"potentialAction\":[{\"@type\":\"SearchAction\",\"target\":{\"@type\":\"EntryPoint\",\"urlTemplate\":\"https:\/\/www.colorandinafoods.com.br\/blog\/?s={search_term_string}\"},\"query-input\":{\"@type\":\"PropertyValueSpecification\",\"valueRequired\":true,\"valueName\":\"search_term_string\"}}],\"inLanguage\":\"pt-BR\"},{\"@type\":\"Person\",\"@id\":\"https:\/\/www.colorandinafoods.com.br\/blog\/#\/schema\/person\/eb9c4d42a8281609c71790332e602096\",\"name\":\"mmt_colorandina\",\"image\":{\"@type\":\"ImageObject\",\"inLanguage\":\"pt-BR\",\"@id\":\"https:\/\/www.colorandinafoods.com.br\/blog\/#\/schema\/person\/image\/\",\"url\":\"https:\/\/secure.gravatar.com\/avatar\/48c0da65da83daabfa6def0522a5314e9183ec93c4fe58132e80af0182361cb0?s=96&d=mm&r=g\",\"contentUrl\":\"https:\/\/secure.gravatar.com\/avatar\/48c0da65da83daabfa6def0522a5314e9183ec93c4fe58132e80af0182361cb0?s=96&d=mm&r=g\",\"caption\":\"mmt_colorandina\"},\"sameAs\":[\"https:\/\/www.colorandinafoods.com.br\/blog\"],\"url\":\"https:\/\/www.colorandinafoods.com.br\/blog\/author\/mmt_colorandina\/\"}]}<\/script>\n<!-- \/ Yoast SEO plugin. -->","yoast_head_json":{"title":"Chegou a Stevia Color L\u00edquida: ado\u00e7ante natural, saud\u00e1vel e sem gosto residual amargo - Color Andina Foods","description":"Completando nossa j\u00e1 reconhecid\u00edssima linha de ado\u00e7antes Stevia, chega agora ao mercado a Stevia Color L\u00edquida. Saiba mais!","robots":{"index":"index","follow":"follow","max-snippet":"max-snippet:-1","max-image-preview":"max-image-preview:large","max-video-preview":"max-video-preview:-1"},"canonical":"https:\/\/www.colorandinafoods.com.br\/blog\/chegou-a-stevia-color-liquida-adocante-natural-saudavel-e-sem-gosto-residual-amargo\/","og_locale":"pt_BR","og_type":"article","og_title":"Chegou a Stevia Color L\u00edquida: ado\u00e7ante natural, saud\u00e1vel e sem gosto residual amargo - Color Andina Foods","og_description":"Completando nossa j\u00e1 reconhecid\u00edssima linha de ado\u00e7antes Stevia, chega agora ao mercado a Stevia Color L\u00edquida. Saiba mais!","og_url":"https:\/\/www.colorandinafoods.com.br\/blog\/chegou-a-stevia-color-liquida-adocante-natural-saudavel-e-sem-gosto-residual-amargo\/","og_site_name":"Color Andina Foods","article_published_time":"2024-05-29T18:43:40+00:00","article_modified_time":"2026-02-23T17:12:52+00:00","og_image":[{"width":2560,"height":1631,"url":"https:\/\/blog.colorandinafoods.com.br\/wp-content\/uploads\/2024\/05\/Sessao-do-Studio-265-scaled.jpg","type":"image\/jpeg"}],"author":"mmt_colorandina","twitter_card":"summary_large_image","twitter_misc":{"Escrito por":false,"Est. tempo de leitura":"5 minutos"},"schema":{"@context":"https:\/\/schema.org","@graph":[{"@type":"WebPage","@id":"https:\/\/www.colorandinafoods.com.br\/blog\/chegou-a-stevia-color-liquida-adocante-natural-saudavel-e-sem-gosto-residual-amargo\/","url":"https:\/\/www.colorandinafoods.com.br\/blog\/chegou-a-stevia-color-liquida-adocante-natural-saudavel-e-sem-gosto-residual-amargo\/","name":"Chegou a Stevia Color L\u00edquida: ado\u00e7ante natural, saud\u00e1vel e sem gosto residual amargo - Color Andina Foods","isPartOf":{"@id":"https:\/\/www.colorandinafoods.com.br\/blog\/#website"},"primaryImageOfPage":{"@id":"https:\/\/www.colorandinafoods.com.br\/blog\/chegou-a-stevia-color-liquida-adocante-natural-saudavel-e-sem-gosto-residual-amargo\/#primaryimage"},"image":{"@id":"https:\/\/www.colorandinafoods.com.br\/blog\/chegou-a-stevia-color-liquida-adocante-natural-saudavel-e-sem-gosto-residual-amargo\/#primaryimage"},"thumbnailUrl":"https:\/\/www.colorandinafoods.com.br\/blog\/wp-content\/uploads\/2024\/05\/Sessao-do-Studio-265-scaled.jpg","datePublished":"2024-05-29T18:43:40+00:00","dateModified":"2026-02-23T17:12:52+00:00","author":{"@id":"https:\/\/www.colorandinafoods.com.br\/blog\/#\/schema\/person\/eb9c4d42a8281609c71790332e602096"},"description":"Completando nossa j\u00e1 reconhecid\u00edssima linha de ado\u00e7antes Stevia, chega agora ao mercado a Stevia Color L\u00edquida. Saiba mais!","breadcrumb":{"@id":"https:\/\/www.colorandinafoods.com.br\/blog\/chegou-a-stevia-color-liquida-adocante-natural-saudavel-e-sem-gosto-residual-amargo\/#breadcrumb"},"inLanguage":"pt-BR","potentialAction":[{"@type":"ReadAction","target":["https:\/\/www.colorandinafoods.com.br\/blog\/chegou-a-stevia-color-liquida-adocante-natural-saudavel-e-sem-gosto-residual-amargo\/"]}]},{"@type":"ImageObject","inLanguage":"pt-BR","@id":"https:\/\/www.colorandinafoods.com.br\/blog\/chegou-a-stevia-color-liquida-adocante-natural-saudavel-e-sem-gosto-residual-amargo\/#primaryimage","url":"https:\/\/www.colorandinafoods.com.br\/blog\/wp-content\/uploads\/2024\/05\/Sessao-do-Studio-265-scaled.jpg","contentUrl":"https:\/\/www.colorandinafoods.com.br\/blog\/wp-content\/uploads\/2024\/05\/Sessao-do-Studio-265-scaled.jpg","width":2560,"height":1631,"caption":"Stevia color liquida"},{"@type":"BreadcrumbList","@id":"https:\/\/www.colorandinafoods.com.br\/blog\/chegou-a-stevia-color-liquida-adocante-natural-saudavel-e-sem-gosto-residual-amargo\/#breadcrumb","itemListElement":[{"@type":"ListItem","position":1,"name":"In\u00edcio","item":"https:\/\/www.colorandinafoods.com.br\/blog\/"},{"@type":"ListItem","position":2,"name":"Chegou a Stevia Color L\u00edquida: ado\u00e7ante natural, saud\u00e1vel e sem gosto residual amargo"}]},{"@type":"WebSite","@id":"https:\/\/www.colorandinafoods.com.br\/blog\/#website","url":"https:\/\/www.colorandinafoods.com.br\/blog\/","name":"Color Andina Foods","description":"Paix\u00e3o pelo natural!","potentialAction":[{"@type":"SearchAction","target":{"@type":"EntryPoint","urlTemplate":"https:\/\/www.colorandinafoods.com.br\/blog\/?s={search_term_string}"},"query-input":{"@type":"PropertyValueSpecification","valueRequired":true,"valueName":"search_term_string"}}],"inLanguage":"pt-BR"},{"@type":"Person","@id":"https:\/\/www.colorandinafoods.com.br\/blog\/#\/schema\/person\/eb9c4d42a8281609c71790332e602096","name":"mmt_colorandina","image":{"@type":"ImageObject","inLanguage":"pt-BR","@id":"https:\/\/www.colorandinafoods.com.br\/blog\/#\/schema\/person\/image\/","url":"https:\/\/secure.gravatar.com\/avatar\/48c0da65da83daabfa6def0522a5314e9183ec93c4fe58132e80af0182361cb0?s=96&d=mm&r=g","contentUrl":"https:\/\/secure.gravatar.com\/avatar\/48c0da65da83daabfa6def0522a5314e9183ec93c4fe58132e80af0182361cb0?s=96&d=mm&r=g","caption":"mmt_colorandina"},"sameAs":["https:\/\/www.colorandinafoods.com.br\/blog"],"url":"https:\/\/www.colorandinafoods.com.br\/blog\/author\/mmt_colorandina\/"}]}},"_links":{"self":[{"href":"https:\/\/www.colorandinafoods.com.br\/blog\/wp-json\/wp\/v2\/posts\/28146","targetHints":{"allow":["GET"]}}],"collection":[{"href":"https:\/\/www.colorandinafoods.com.br\/blog\/wp-json\/wp\/v2\/posts"}],"about":[{"href":"https:\/\/www.colorandinafoods.com.br\/blog\/wp-json\/wp\/v2\/types\/post"}],"author":[{"embeddable":true,"href":"https:\/\/www.colorandinafoods.com.br\/blog\/wp-json\/wp\/v2\/users\/1"}],"replies":[{"embeddable":true,"href":"https:\/\/www.colorandinafoods.com.br\/blog\/wp-json\/wp\/v2\/comments?post=28146"}],"version-history":[{"count":14,"href":"https:\/\/www.colorandinafoods.com.br\/blog\/wp-json\/wp\/v2\/posts\/28146\/revisions"}],"predecessor-version":[{"id":35139,"href":"https:\/\/www.colorandinafoods.com.br\/blog\/wp-json\/wp\/v2\/posts\/28146\/revisions\/35139"}],"wp:featuredmedia":[{"embeddable":true,"href":"https:\/\/www.colorandinafoods.com.br\/blog\/wp-json\/wp\/v2\/media\/28162"}],"wp:attachment":[{"href":"https:\/\/www.colorandinafoods.com.br\/blog\/wp-json\/wp\/v2\/media?parent=28146"}],"wp:term":[{"taxonomy":"category","embeddable":true,"href":"https:\/\/www.colorandinafoods.com.br\/blog\/wp-json\/wp\/v2\/categories?post=28146"},{"taxonomy":"post_tag","embeddable":true,"href":"https:\/\/www.colorandinafoods.com.br\/blog\/wp-json\/wp\/v2\/tags?post=28146"}],"curies":[{"name":"wp","href":"https:\/\/api.w.org\/{rel}","templated":true}]}}