{"id":90414,"date":"2025-05-27T14:36:16","date_gmt":"2025-05-27T17:36:16","guid":{"rendered":"https:\/\/www.colorandinafoods.com.br\/blog\/?p=90414"},"modified":"2026-05-12T11:54:17","modified_gmt":"2026-05-12T14:54:17","slug":"adocante-stevia-color","status":"publish","type":"post","link":"https:\/\/www.colorandinafoods.com.br\/blog\/adocante-stevia-color\/","title":{"rendered":"Doce na medida certa: conhe\u00e7a a stevia que faz a diferen\u00e7a"},"content":{"rendered":"<h1>Stevia Color: adoce sua vida com sa\u00fade e sabor!<\/h1>\n<h2>Por que repensar o uso do a\u00e7\u00facar?<\/h2>\n<p>Voc\u00ea j\u00e1 pensou em ado\u00e7ar seus alimentos e bebidas sem abrir m\u00e3o da sua sa\u00fade? \ud83c\udf43<\/p>\n<p>O consumo excessivo de a\u00e7\u00facar est\u00e1 ligado a diversos problemas de sa\u00fade, como picos de glicose, ganho de peso e aumento do risco de doen\u00e7as cr\u00f4nicas.<\/p>\n<p>Mas a boa not\u00edcia \u00e9 que existem alternativas naturais, saud\u00e1veis e deliciosas como a <strong><span style=\"color: #339966;\"><a style=\"color: #339966;\" href=\"https:\/\/www.colorandinafoods.com.br\/adocante-stevia?utm_source=artigo&amp;utm_medium=receitas&amp;utm_campaign=doce_na_medida_certa_conheca_a_stevia\" target=\"_blank\" rel=\"noopener\">Stevia Color<\/a><\/span> da Color Andina Foods<\/strong>.<\/p>\n<h2>Stevia Color: o ado\u00e7ante ideal para um estilo de vida equilibrado<\/h2>\n<p>A <strong>Stevia<\/strong>\u00a0\u00e9 perfeita para quem busca uma alimenta\u00e7\u00e3o mais consciente. Ela \u00e9:<\/p>\n<ul>\n<li>\u2705 100% natural<\/li>\n<li>\u2705 Zero calorias<\/li>\n<li>\u2705 Sem a\u00e7\u00facar<\/li>\n<li>\u2705 N\u00e3o altera o \u00edndice glic\u00eamico<\/li>\n<\/ul>\n<p>Isso significa que ela n\u00e3o provoca picos de glicose no sangue, para quem segue dietas low carb ou simplesmente quer reduzir o a\u00e7\u00facar no dia a dia.<\/p>\n<h3>Um sabor que surpreende<\/h3>\n<p>Uma das maiores vantagens da <strong>Stevia<\/strong>\u00a0\u00e9 o seu <strong>sabor leve e equilibrado<\/strong>, sem aquele amargor que muitos ado\u00e7antes deixam na boca.<\/p>\n<p>Ela ado\u00e7a na medida certa, valorizando o sabor natural dos alimentos e das bebidas.<\/p>\n<h2>Como usar a Stevia Color?<\/h2>\n<p>Vers\u00e1til, ela pode ser usada no caf\u00e9, em sucos, ch\u00e1s e vitamina.<\/p>\n<p>\ud83d\udca1 Dica: experimente usar a Stevia no seu smoothie matinal ou naquele cafezinho da tarde. Voc\u00ea vai se surpreender com o sabor!<\/p>\n<p>Caso voc\u00ea queira experimentar o nosso ado\u00e7ante ideal para forno e fog\u00e3o, utilize o nosso<strong> <span style=\"color: #339966;\"><a style=\"color: #339966;\" href=\"https:\/\/www.colorandinafoods.com.br\/adocante-stevia?utm_source=artigo&amp;utm_medium=receitas&amp;utm_campaign=doce_na_medida_certa_conheca_a_stevia\" target=\"_blank\" rel=\"noopener\">ado\u00e7ante stevia color culin\u00e1rio<\/a>.<\/span><\/strong><\/p>\n<h3>O doce sabor da sua sa\u00fade<\/h3>\n<p>Escolher a <strong>Stevia Color<\/strong> \u00e9 uma forma de cuidar de voc\u00ea com equil\u00edbrio, sem abrir m\u00e3o do prazer de um toque doce no seu dia.<\/p>\n<p>\ud83e\udde1 Experimente e descubra como \u00e9 f\u00e1cil ser saud\u00e1vel com sabor!<\/p>\n<p>\ud83d\udc9b <strong>Siga a gente no Instagram para mais dicas naturais e saud\u00e1veis:<\/strong><span style=\"color: #339966;\"> <a style=\"color: #339966;\" href=\"https:\/\/www.instagram.com\/colorandinafoods\" target=\"_blank\" rel=\"noopener\">@colorandinafoods<\/a><\/span> \ud83d\udc9b<\/p>\n<p>Assista aqui o v\u00eddeo de uma de nossas influenciadoras sobre o <span style=\"color: #339966;\"><a style=\"color: #339966;\" href=\"https:\/\/www.colorandinafoods.com.br\/adocante-stevia?utm_source=artigo&amp;utm_medium=receitas&amp;utm_campaign=doce_na_medida_certa_conheca_a_stevia\" target=\"_blank\" rel=\"noopener\"><strong>Ado\u00e7ante St\u00e9via<\/strong><\/a><\/span> e seus benef\u00edcios.<\/p><figure class=\"wp-block-embed is-type-video is-provider-vimeo wp-block-embed-vimeo wp-embed-aspect-16-9 wp-has-aspect-ratio\"><div class=\"wp-block-embed__wrapper\">\n<iframe title=\"Stevia informativo Youtube\" src=\"https:\/\/player.vimeo.com\/video\/1088378380?h=3a2824a79d&amp;dnt=1&amp;app_id=122963\" width=\"660\" height=\"371\" frameborder=\"0\" allow=\"autoplay; fullscreen; picture-in-picture; clipboard-write; encrypted-media; web-share\" referrerpolicy=\"strict-origin-when-cross-origin\"><\/iframe>\n<\/div><\/figure><p class=\"wp-block-paragraph\"><\/p>","protected":false},"excerpt":{"rendered":"<p>Stevia Color: adoce sua vida com sa\u00fade e sabor! Por que repensar o uso do a\u00e7\u00facar? Voc\u00ea j\u00e1 pensou em ado\u00e7ar seus alimentos e bebidas sem abrir m\u00e3o da sua sa\u00fade? \ud83c\udf43 O consumo excessivo de a\u00e7\u00facar est\u00e1 ligado a diversos problemas de sa\u00fade, como picos de glicose, ganho de peso e aumento do risco<\/p>\n<p class=\"link-more\"><a href=\"https:\/\/www.colorandinafoods.com.br\/blog\/adocante-stevia-color\/\" class=\"more-link\"><span>Read More<\/span><\/a><\/p>\n","protected":false},"author":14013,"featured_media":90767,"comment_status":"open","ping_status":"open","sticky":false,"template":"","format":"standard","meta":{"footnotes":""},"categories":[5],"tags":[],"class_list":["post-90414","post","type-post","status-publish","format-standard","has-post-thumbnail","hentry","category-receitas"],"yoast_head":"<!-- This site is optimized with the Yoast SEO plugin v24.2 - https:\/\/yoast.com\/wordpress\/plugins\/seo\/ -->\n<title>Doce na medida certa: Conhe\u00e7a a Stevia que faz a diferen\u00e7a<\/title>\n<meta name=\"description\" content=\"Conhe\u00e7a a Stevia que faz a diferen\u00e7a! Adoce seus alimentos e bebidas sem abrir m\u00e3o da sua sa\u00fade com esse ado\u00e7ante natural\" \/>\n<meta name=\"robots\" content=\"index, follow, max-snippet:-1, max-image-preview:large, max-video-preview:-1\" \/>\n<link rel=\"canonical\" href=\"https:\/\/www.colorandinafoods.com.br\/blog\/adocante-stevia-color\/\" \/>\n<meta property=\"og:locale\" content=\"pt_BR\" \/>\n<meta property=\"og:type\" content=\"article\" \/>\n<meta property=\"og:title\" content=\"Doce na medida certa: Conhe\u00e7a a Stevia que faz a diferen\u00e7a\" \/>\n<meta property=\"og:description\" content=\"Conhe\u00e7a a Stevia que faz a diferen\u00e7a! Adoce seus alimentos e bebidas sem abrir m\u00e3o da sua sa\u00fade com esse ado\u00e7ante natural\" \/>\n<meta property=\"og:url\" content=\"https:\/\/www.colorandinafoods.com.br\/blog\/adocante-stevia-color\/\" \/>\n<meta property=\"og:site_name\" content=\"Color Andina Foods\" \/>\n<meta property=\"article:published_time\" content=\"2025-05-27T17:36:16+00:00\" \/>\n<meta property=\"article:modified_time\" content=\"2026-05-12T14:54:17+00:00\" \/>\n<meta property=\"og:image\" content=\"https:\/\/www.colorandinafoods.com.br\/blog\/wp-content\/uploads\/2025\/05\/1.jpg\" \/>\n\t<meta property=\"og:image:width\" content=\"2240\" \/>\n\t<meta property=\"og:image:height\" content=\"1260\" \/>\n\t<meta property=\"og:image:type\" content=\"image\/jpeg\" \/>\n<meta name=\"author\" content=\"vitoria\" \/>\n<meta name=\"twitter:card\" content=\"summary_large_image\" \/>\n<meta name=\"twitter:label1\" content=\"Escrito por\" \/>\n\t<meta name=\"twitter:data1\" content=\"\" \/>\n\t<meta name=\"twitter:label2\" content=\"Est. tempo de leitura\" \/>\n\t<meta name=\"twitter:data2\" content=\"2 minutos\" \/>\n<script type=\"application\/ld+json\" class=\"yoast-schema-graph\">{\"@context\":\"https:\/\/schema.org\",\"@graph\":[{\"@type\":\"WebPage\",\"@id\":\"https:\/\/www.colorandinafoods.com.br\/blog\/adocante-stevia-color\/\",\"url\":\"https:\/\/www.colorandinafoods.com.br\/blog\/adocante-stevia-color\/\",\"name\":\"Doce na medida certa: Conhe\u00e7a a Stevia que faz a diferen\u00e7a\",\"isPartOf\":{\"@id\":\"https:\/\/www.colorandinafoods.com.br\/blog\/#website\"},\"primaryImageOfPage\":{\"@id\":\"https:\/\/www.colorandinafoods.com.br\/blog\/adocante-stevia-color\/#primaryimage\"},\"image\":{\"@id\":\"https:\/\/www.colorandinafoods.com.br\/blog\/adocante-stevia-color\/#primaryimage\"},\"thumbnailUrl\":\"https:\/\/www.colorandinafoods.com.br\/blog\/wp-content\/uploads\/2025\/05\/1.jpg\",\"datePublished\":\"2025-05-27T17:36:16+00:00\",\"dateModified\":\"2026-05-12T14:54:17+00:00\",\"author\":{\"@id\":\"https:\/\/www.colorandinafoods.com.br\/blog\/#\/schema\/person\/a0757394ff942283389fbdfb535a0f3e\"},\"description\":\"Conhe\u00e7a a Stevia que faz a diferen\u00e7a! Adoce seus alimentos e bebidas sem abrir m\u00e3o da sua sa\u00fade com esse ado\u00e7ante natural\",\"breadcrumb\":{\"@id\":\"https:\/\/www.colorandinafoods.com.br\/blog\/adocante-stevia-color\/#breadcrumb\"},\"inLanguage\":\"pt-BR\",\"potentialAction\":[{\"@type\":\"ReadAction\",\"target\":[\"https:\/\/www.colorandinafoods.com.br\/blog\/adocante-stevia-color\/\"]}]},{\"@type\":\"ImageObject\",\"inLanguage\":\"pt-BR\",\"@id\":\"https:\/\/www.colorandinafoods.com.br\/blog\/adocante-stevia-color\/#primaryimage\",\"url\":\"https:\/\/www.colorandinafoods.com.br\/blog\/wp-content\/uploads\/2025\/05\/1.jpg\",\"contentUrl\":\"https:\/\/www.colorandinafoods.com.br\/blog\/wp-content\/uploads\/2025\/05\/1.jpg\",\"width\":2240,\"height\":1260,\"caption\":\"Conhe\u00e7a a Stevia Color\"},{\"@type\":\"BreadcrumbList\",\"@id\":\"https:\/\/www.colorandinafoods.com.br\/blog\/adocante-stevia-color\/#breadcrumb\",\"itemListElement\":[{\"@type\":\"ListItem\",\"position\":1,\"name\":\"In\u00edcio\",\"item\":\"https:\/\/www.colorandinafoods.com.br\/blog\/\"},{\"@type\":\"ListItem\",\"position\":2,\"name\":\"Doce na medida certa: conhe\u00e7a a stevia que faz a diferen\u00e7a\"}]},{\"@type\":\"WebSite\",\"@id\":\"https:\/\/www.colorandinafoods.com.br\/blog\/#website\",\"url\":\"https:\/\/www.colorandinafoods.com.br\/blog\/\",\"name\":\"Color Andina Foods\",\"description\":\"Paix\u00e3o pelo natural!\",\"potentialAction\":[{\"@type\":\"SearchAction\",\"target\":{\"@type\":\"EntryPoint\",\"urlTemplate\":\"https:\/\/www.colorandinafoods.com.br\/blog\/?s={search_term_string}\"},\"query-input\":{\"@type\":\"PropertyValueSpecification\",\"valueRequired\":true,\"valueName\":\"search_term_string\"}}],\"inLanguage\":\"pt-BR\"},{\"@type\":\"Person\",\"@id\":\"https:\/\/www.colorandinafoods.com.br\/blog\/#\/schema\/person\/a0757394ff942283389fbdfb535a0f3e\",\"name\":\"vitoria\",\"image\":{\"@type\":\"ImageObject\",\"inLanguage\":\"pt-BR\",\"@id\":\"https:\/\/www.colorandinafoods.com.br\/blog\/#\/schema\/person\/image\/\",\"url\":\"https:\/\/secure.gravatar.com\/avatar\/29ab5e7c5d0ac27c3d17e467350d5da0283fc1f14adabef029dc8be9b5fb0a51?s=96&d=mm&r=g\",\"contentUrl\":\"https:\/\/secure.gravatar.com\/avatar\/29ab5e7c5d0ac27c3d17e467350d5da0283fc1f14adabef029dc8be9b5fb0a51?s=96&d=mm&r=g\",\"caption\":\"vitoria\"},\"url\":\"https:\/\/www.colorandinafoods.com.br\/blog\/author\/vitoria\/\"}]}<\/script>\n<!-- \/ Yoast SEO plugin. -->","yoast_head_json":{"title":"Doce na medida certa: Conhe\u00e7a a Stevia que faz a diferen\u00e7a","description":"Conhe\u00e7a a Stevia que faz a diferen\u00e7a! Adoce seus alimentos e bebidas sem abrir m\u00e3o da sua sa\u00fade com esse ado\u00e7ante natural","robots":{"index":"index","follow":"follow","max-snippet":"max-snippet:-1","max-image-preview":"max-image-preview:large","max-video-preview":"max-video-preview:-1"},"canonical":"https:\/\/www.colorandinafoods.com.br\/blog\/adocante-stevia-color\/","og_locale":"pt_BR","og_type":"article","og_title":"Doce na medida certa: Conhe\u00e7a a Stevia que faz a diferen\u00e7a","og_description":"Conhe\u00e7a a Stevia que faz a diferen\u00e7a! Adoce seus alimentos e bebidas sem abrir m\u00e3o da sua sa\u00fade com esse ado\u00e7ante natural","og_url":"https:\/\/www.colorandinafoods.com.br\/blog\/adocante-stevia-color\/","og_site_name":"Color Andina Foods","article_published_time":"2025-05-27T17:36:16+00:00","article_modified_time":"2026-05-12T14:54:17+00:00","og_image":[{"width":2240,"height":1260,"url":"https:\/\/www.colorandinafoods.com.br\/blog\/wp-content\/uploads\/2025\/05\/1.jpg","type":"image\/jpeg"}],"author":"vitoria","twitter_card":"summary_large_image","twitter_misc":{"Escrito por":false,"Est. tempo de leitura":"2 minutos"},"schema":{"@context":"https:\/\/schema.org","@graph":[{"@type":"WebPage","@id":"https:\/\/www.colorandinafoods.com.br\/blog\/adocante-stevia-color\/","url":"https:\/\/www.colorandinafoods.com.br\/blog\/adocante-stevia-color\/","name":"Doce na medida certa: Conhe\u00e7a a Stevia que faz a diferen\u00e7a","isPartOf":{"@id":"https:\/\/www.colorandinafoods.com.br\/blog\/#website"},"primaryImageOfPage":{"@id":"https:\/\/www.colorandinafoods.com.br\/blog\/adocante-stevia-color\/#primaryimage"},"image":{"@id":"https:\/\/www.colorandinafoods.com.br\/blog\/adocante-stevia-color\/#primaryimage"},"thumbnailUrl":"https:\/\/www.colorandinafoods.com.br\/blog\/wp-content\/uploads\/2025\/05\/1.jpg","datePublished":"2025-05-27T17:36:16+00:00","dateModified":"2026-05-12T14:54:17+00:00","author":{"@id":"https:\/\/www.colorandinafoods.com.br\/blog\/#\/schema\/person\/a0757394ff942283389fbdfb535a0f3e"},"description":"Conhe\u00e7a a Stevia que faz a diferen\u00e7a! Adoce seus alimentos e bebidas sem abrir m\u00e3o da sua sa\u00fade com esse ado\u00e7ante natural","breadcrumb":{"@id":"https:\/\/www.colorandinafoods.com.br\/blog\/adocante-stevia-color\/#breadcrumb"},"inLanguage":"pt-BR","potentialAction":[{"@type":"ReadAction","target":["https:\/\/www.colorandinafoods.com.br\/blog\/adocante-stevia-color\/"]}]},{"@type":"ImageObject","inLanguage":"pt-BR","@id":"https:\/\/www.colorandinafoods.com.br\/blog\/adocante-stevia-color\/#primaryimage","url":"https:\/\/www.colorandinafoods.com.br\/blog\/wp-content\/uploads\/2025\/05\/1.jpg","contentUrl":"https:\/\/www.colorandinafoods.com.br\/blog\/wp-content\/uploads\/2025\/05\/1.jpg","width":2240,"height":1260,"caption":"Conhe\u00e7a a Stevia Color"},{"@type":"BreadcrumbList","@id":"https:\/\/www.colorandinafoods.com.br\/blog\/adocante-stevia-color\/#breadcrumb","itemListElement":[{"@type":"ListItem","position":1,"name":"In\u00edcio","item":"https:\/\/www.colorandinafoods.com.br\/blog\/"},{"@type":"ListItem","position":2,"name":"Doce na medida certa: conhe\u00e7a a stevia que faz a diferen\u00e7a"}]},{"@type":"WebSite","@id":"https:\/\/www.colorandinafoods.com.br\/blog\/#website","url":"https:\/\/www.colorandinafoods.com.br\/blog\/","name":"Color Andina Foods","description":"Paix\u00e3o pelo natural!","potentialAction":[{"@type":"SearchAction","target":{"@type":"EntryPoint","urlTemplate":"https:\/\/www.colorandinafoods.com.br\/blog\/?s={search_term_string}"},"query-input":{"@type":"PropertyValueSpecification","valueRequired":true,"valueName":"search_term_string"}}],"inLanguage":"pt-BR"},{"@type":"Person","@id":"https:\/\/www.colorandinafoods.com.br\/blog\/#\/schema\/person\/a0757394ff942283389fbdfb535a0f3e","name":"vitoria","image":{"@type":"ImageObject","inLanguage":"pt-BR","@id":"https:\/\/www.colorandinafoods.com.br\/blog\/#\/schema\/person\/image\/","url":"https:\/\/secure.gravatar.com\/avatar\/29ab5e7c5d0ac27c3d17e467350d5da0283fc1f14adabef029dc8be9b5fb0a51?s=96&d=mm&r=g","contentUrl":"https:\/\/secure.gravatar.com\/avatar\/29ab5e7c5d0ac27c3d17e467350d5da0283fc1f14adabef029dc8be9b5fb0a51?s=96&d=mm&r=g","caption":"vitoria"},"url":"https:\/\/www.colorandinafoods.com.br\/blog\/author\/vitoria\/"}]}},"_links":{"self":[{"href":"https:\/\/www.colorandinafoods.com.br\/blog\/wp-json\/wp\/v2\/posts\/90414","targetHints":{"allow":["GET"]}}],"collection":[{"href":"https:\/\/www.colorandinafoods.com.br\/blog\/wp-json\/wp\/v2\/posts"}],"about":[{"href":"https:\/\/www.colorandinafoods.com.br\/blog\/wp-json\/wp\/v2\/types\/post"}],"author":[{"embeddable":true,"href":"https:\/\/www.colorandinafoods.com.br\/blog\/wp-json\/wp\/v2\/users\/14013"}],"replies":[{"embeddable":true,"href":"https:\/\/www.colorandinafoods.com.br\/blog\/wp-json\/wp\/v2\/comments?post=90414"}],"version-history":[{"count":13,"href":"https:\/\/www.colorandinafoods.com.br\/blog\/wp-json\/wp\/v2\/posts\/90414\/revisions"}],"predecessor-version":[{"id":92647,"href":"https:\/\/www.colorandinafoods.com.br\/blog\/wp-json\/wp\/v2\/posts\/90414\/revisions\/92647"}],"wp:featuredmedia":[{"embeddable":true,"href":"https:\/\/www.colorandinafoods.com.br\/blog\/wp-json\/wp\/v2\/media\/90767"}],"wp:attachment":[{"href":"https:\/\/www.colorandinafoods.com.br\/blog\/wp-json\/wp\/v2\/media?parent=90414"}],"wp:term":[{"taxonomy":"category","embeddable":true,"href":"https:\/\/www.colorandinafoods.com.br\/blog\/wp-json\/wp\/v2\/categories?post=90414"},{"taxonomy":"post_tag","embeddable":true,"href":"https:\/\/www.colorandinafoods.com.br\/blog\/wp-json\/wp\/v2\/tags?post=90414"}],"curies":[{"name":"wp","href":"https:\/\/api.w.org\/{rel}","templated":true}]}}