{"id":90437,"date":"2025-05-28T09:46:21","date_gmt":"2025-05-28T12:46:21","guid":{"rendered":"https:\/\/www.colorandinafoods.com.br\/blog\/?p=90437"},"modified":"2026-05-12T11:56:26","modified_gmt":"2026-05-12T14:56:26","slug":"cheesecake-saudavel-com-adocante-culinario","status":"publish","type":"post","link":"https:\/\/www.colorandinafoods.com.br\/blog\/cheesecake-saudavel-com-adocante-culinario\/","title":{"rendered":"Sobremesa f\u00e1cil e saud\u00e1vel: cheesecake com geleia natural de morango"},"content":{"rendered":"<h1>Cheesecake saud\u00e1vel com geleia de morango: deliciosa e sem a\u00e7\u00facar<\/h1>\n<h2>Uma sobremesa leve, simples e funcional<\/h2>\n<p>Se voc\u00ea est\u00e1 procurando uma <strong>sobremesa f\u00e1cil, saud\u00e1vel e equilibrada<\/strong>, essa cheesecake com ado\u00e7ante culin\u00e1rio \u00e9 pra voc\u00ea! \ud83c\udf53<\/p>\n<p>Com poucos ingredientes e o <strong><span style=\"color: #993366;\"><a style=\"color: #993366;\" href=\"https:\/\/www.colorandinafoods.com.br\/adocante-stevia?utm_source=artigo&amp;utm_medium=receitas&amp;utm_campaign=sobremesa_cheesecake_morango\" target=\"_blank\" rel=\"noopener\">ado\u00e7ante forno e fog\u00e3o<\/a><\/span> da Color Andina<\/strong>, voc\u00ea prepara uma del\u00edcia que cabe no seu dia a dia sem a\u00e7\u00facar e sem exageros.<\/p>\n<h2>Ingredientes da base<\/h2>\n<p>Para a parte cremosa da cheesecake, voc\u00ea vai precisar de:<\/p>\n<ul>\n<li>\ud83e\udd63 300g de <strong>iogurte natural<\/strong> (sem a\u00e7\u00facar)<\/li>\n<li>\ud83e\udd5a 3 ovos<\/li>\n<li>\ud83e\udd44 2 colheres de sopa de <strong>amido de milho<\/strong><\/li>\n<li>\ud83c\udf3f 1 colher (ch\u00e1) de extrato de baunilha (opcional)<\/li>\n<li>\ud83c\udf6c 1\/3 de x\u00edcara do <strong><span style=\"color: #993366;\"><a style=\"color: #993366;\" href=\"https:\/\/www.colorandinafoods.com.br\/adocante-stevia?utm_source=artigo&amp;utm_medium=receitas&amp;utm_campaign=sobremesa_cheesecake_morango\" target=\"_blank\" rel=\"noopener\">ado\u00e7ante forno e fog\u00e3o<\/a><\/span> da Color Andina<\/strong><\/li>\n<\/ul>\n<h3>Modo de preparo da base<\/h3>\n<ol>\n<li>Misture bem todos os ingredientes at\u00e9 obter um creme liso.<\/li>\n<li>Despeje a mistura em uma forma pequena forrada com papel manteiga.<\/li>\n<li>Leve ao forno pr\u00e9-aquecido a 180\u00baC por cerca de <strong>35 minutos<\/strong>.<\/li>\n<\/ol>\n<h2>Ingredientes da geleia de morango<\/h2>\n<ul>\n<li>\ud83c\udf53 250g de <strong>morangos picados<\/strong><\/li>\n<li>\ud83c\udf4b <strong>suco de 1\/2 lim\u00e3o<\/strong><\/li>\n<li>\ud83e\udd44 1\/2 x\u00edcara do <strong><span style=\"color: #993366;\"><a style=\"color: #993366;\" href=\"https:\/\/www.colorandinafoods.com.br\/adocante-stevia?utm_source=artigo&amp;utm_medium=receitas&amp;utm_campaign=sobremesa_cheesecake_morango\" target=\"_blank\" rel=\"noopener\">ado\u00e7ante forno e fog\u00e3o<\/a><\/span> da Color Andina<\/strong><\/li>\n<\/ul>\n<h3>Modo de preparo da geleia<\/h3>\n<ol>\n<li>Coloque os ingredientes em uma panela pequena e leve ao fogo baixo.<\/li>\n<li>Cozinhe mexendo sempre, at\u00e9 os morangos desmancharem e a mistura adquirir textura de geleia.<\/li>\n<li>Deixe esfriar completamente.<\/li>\n<\/ol>\n<h2>Montagem e finaliza\u00e7\u00e3o<\/h2>\n<ol>\n<li>Com a cheesecake e a geleia j\u00e1 frias, espalhe a geleia por cima da base assada.<\/li>\n<li>Leve \u00e0 geladeira por pelo menos 1 hora para firmar bem.<\/li>\n<\/ol>\n<p>Essa <strong>cheesecake com ado\u00e7ante culin\u00e1rio saud\u00e1vel<\/strong> \u00e9 doce na medida certa, super leve e ideal para incluir na sua rotina com praticidade e sabor \ud83c\udf53\u2728<\/p>\n<p>\ud83d\udca1 Caso voc\u00ea queira ado\u00e7ar suas bebidas de forma pr\u00e1tica e saud\u00e1vel, experimente o nosso <a href=\"https:\/\/www.colorandinafoods.com.br\/adocante-stevia?utm_source=artigo&amp;utm_medium=receitas&amp;utm_campaign=sobremesa_cheesecake_morango\" target=\"_blank\" rel=\"noopener\"><span style=\"color: #993366;\"><strong data-start=\"229\" data-end=\"262\">ado\u00e7ante l\u00edquido<\/strong><\/span><\/a> perfeito para sucos, caf\u00e9s, ch\u00e1s e muito mais!<\/p>\n<p>\ud83d\udc9b <strong>Siga a gente no Instagram para mais dicas naturais e saud\u00e1veis:<\/strong> <span style=\"color: #993366;\"><a style=\"color: #993366;\" href=\"https:\/\/www.instagram.com\/colorandinafoods\" target=\"_blank\" rel=\"noopener\">@colorandinafoods<\/a><\/span> \ud83d\udc9b<\/p><p class=\"wp-block-paragraph\">Assista o v\u00eddeo completo da receita aqui!<\/p><figure class=\"wp-block-embed is-type-video is-provider-vimeo wp-block-embed-vimeo wp-embed-aspect-16-9 wp-has-aspect-ratio\"><div class=\"wp-block-embed__wrapper\">\n<iframe title=\"Cheesecake com ado\u00e7ante Forno e Fog\u00e3o\" src=\"https:\/\/player.vimeo.com\/video\/1088393966?h=d0127c6752&amp;dnt=1&amp;app_id=122963\" width=\"660\" height=\"371\" frameborder=\"0\" allow=\"autoplay; fullscreen; picture-in-picture; clipboard-write; encrypted-media; web-share\" referrerpolicy=\"strict-origin-when-cross-origin\"><\/iframe>\n<\/div><\/figure><p class=\"wp-block-paragraph\"><\/p>","protected":false},"excerpt":{"rendered":"<p>Cheesecake saud\u00e1vel com geleia de morango: deliciosa e sem a\u00e7\u00facar Uma sobremesa leve, simples e funcional Se voc\u00ea est\u00e1 procurando uma sobremesa f\u00e1cil, saud\u00e1vel e equilibrada, essa cheesecake com ado\u00e7ante culin\u00e1rio \u00e9 pra voc\u00ea! \ud83c\udf53 Com poucos ingredientes e o ado\u00e7ante forno e fog\u00e3o da Color Andina, voc\u00ea prepara uma del\u00edcia que cabe no seu<\/p>\n<p class=\"link-more\"><a href=\"https:\/\/www.colorandinafoods.com.br\/blog\/cheesecake-saudavel-com-adocante-culinario\/\" class=\"more-link\"><span>Read More<\/span><\/a><\/p>\n","protected":false},"author":14013,"featured_media":90765,"comment_status":"open","ping_status":"open","sticky":false,"template":"","format":"standard","meta":{"footnotes":""},"categories":[5],"tags":[],"class_list":["post-90437","post","type-post","status-publish","format-standard","has-post-thumbnail","hentry","category-receitas"],"yoast_head":"<!-- This site is optimized with the Yoast SEO plugin v24.2 - https:\/\/yoast.com\/wordpress\/plugins\/seo\/ -->\n<title>Cheesecake saud\u00e1vel com ado\u00e7ante culin\u00e1rio<\/title>\n<meta name=\"description\" content=\"Se voc\u00ea est\u00e1 procurando uma sobremesa f\u00e1cil, saud\u00e1vel e equilibrada, essa cheesecake com ado\u00e7ante culin\u00e1rio \u00e9 pra voc\u00ea!\" \/>\n<meta name=\"robots\" content=\"index, follow, max-snippet:-1, max-image-preview:large, max-video-preview:-1\" \/>\n<link rel=\"canonical\" href=\"https:\/\/www.colorandinafoods.com.br\/blog\/cheesecake-saudavel-com-adocante-culinario\/\" \/>\n<meta property=\"og:locale\" content=\"pt_BR\" \/>\n<meta property=\"og:type\" content=\"article\" \/>\n<meta property=\"og:title\" content=\"Cheesecake saud\u00e1vel com ado\u00e7ante culin\u00e1rio\" \/>\n<meta property=\"og:description\" content=\"Se voc\u00ea est\u00e1 procurando uma sobremesa f\u00e1cil, saud\u00e1vel e equilibrada, essa cheesecake com ado\u00e7ante culin\u00e1rio \u00e9 pra voc\u00ea!\" \/>\n<meta property=\"og:url\" content=\"https:\/\/www.colorandinafoods.com.br\/blog\/cheesecake-saudavel-com-adocante-culinario\/\" \/>\n<meta property=\"og:site_name\" content=\"Color Andina Foods\" \/>\n<meta property=\"article:published_time\" content=\"2025-05-28T12:46:21+00:00\" \/>\n<meta property=\"article:modified_time\" content=\"2026-05-12T14:56:26+00:00\" \/>\n<meta property=\"og:image\" content=\"https:\/\/www.colorandinafoods.com.br\/blog\/wp-content\/uploads\/2025\/05\/3.jpg\" \/>\n\t<meta property=\"og:image:width\" content=\"2240\" \/>\n\t<meta property=\"og:image:height\" content=\"1260\" \/>\n\t<meta property=\"og:image:type\" content=\"image\/jpeg\" \/>\n<meta name=\"author\" content=\"vitoria\" \/>\n<meta name=\"twitter:card\" content=\"summary_large_image\" \/>\n<meta name=\"twitter:label1\" content=\"Escrito por\" \/>\n\t<meta name=\"twitter:data1\" content=\"\" \/>\n\t<meta name=\"twitter:label2\" content=\"Est. tempo de leitura\" \/>\n\t<meta name=\"twitter:data2\" content=\"2 minutos\" \/>\n<script type=\"application\/ld+json\" class=\"yoast-schema-graph\">{\"@context\":\"https:\/\/schema.org\",\"@graph\":[{\"@type\":\"WebPage\",\"@id\":\"https:\/\/www.colorandinafoods.com.br\/blog\/cheesecake-saudavel-com-adocante-culinario\/\",\"url\":\"https:\/\/www.colorandinafoods.com.br\/blog\/cheesecake-saudavel-com-adocante-culinario\/\",\"name\":\"Cheesecake saud\u00e1vel com ado\u00e7ante culin\u00e1rio\",\"isPartOf\":{\"@id\":\"https:\/\/www.colorandinafoods.com.br\/blog\/#website\"},\"primaryImageOfPage\":{\"@id\":\"https:\/\/www.colorandinafoods.com.br\/blog\/cheesecake-saudavel-com-adocante-culinario\/#primaryimage\"},\"image\":{\"@id\":\"https:\/\/www.colorandinafoods.com.br\/blog\/cheesecake-saudavel-com-adocante-culinario\/#primaryimage\"},\"thumbnailUrl\":\"https:\/\/www.colorandinafoods.com.br\/blog\/wp-content\/uploads\/2025\/05\/3.jpg\",\"datePublished\":\"2025-05-28T12:46:21+00:00\",\"dateModified\":\"2026-05-12T14:56:26+00:00\",\"author\":{\"@id\":\"https:\/\/www.colorandinafoods.com.br\/blog\/#\/schema\/person\/a0757394ff942283389fbdfb535a0f3e\"},\"description\":\"Se voc\u00ea est\u00e1 procurando uma sobremesa f\u00e1cil, saud\u00e1vel e equilibrada, essa cheesecake com ado\u00e7ante culin\u00e1rio \u00e9 pra voc\u00ea!\",\"breadcrumb\":{\"@id\":\"https:\/\/www.colorandinafoods.com.br\/blog\/cheesecake-saudavel-com-adocante-culinario\/#breadcrumb\"},\"inLanguage\":\"pt-BR\",\"potentialAction\":[{\"@type\":\"ReadAction\",\"target\":[\"https:\/\/www.colorandinafoods.com.br\/blog\/cheesecake-saudavel-com-adocante-culinario\/\"]}]},{\"@type\":\"ImageObject\",\"inLanguage\":\"pt-BR\",\"@id\":\"https:\/\/www.colorandinafoods.com.br\/blog\/cheesecake-saudavel-com-adocante-culinario\/#primaryimage\",\"url\":\"https:\/\/www.colorandinafoods.com.br\/blog\/wp-content\/uploads\/2025\/05\/3.jpg\",\"contentUrl\":\"https:\/\/www.colorandinafoods.com.br\/blog\/wp-content\/uploads\/2025\/05\/3.jpg\",\"width\":2240,\"height\":1260,\"caption\":\"Conhe\u00e7a o ado\u00e7ante culin\u00e1rio forno e fog\u00e3o\"},{\"@type\":\"BreadcrumbList\",\"@id\":\"https:\/\/www.colorandinafoods.com.br\/blog\/cheesecake-saudavel-com-adocante-culinario\/#breadcrumb\",\"itemListElement\":[{\"@type\":\"ListItem\",\"position\":1,\"name\":\"In\u00edcio\",\"item\":\"https:\/\/www.colorandinafoods.com.br\/blog\/\"},{\"@type\":\"ListItem\",\"position\":2,\"name\":\"Sobremesa f\u00e1cil e saud\u00e1vel: cheesecake com geleia natural de morango\"}]},{\"@type\":\"WebSite\",\"@id\":\"https:\/\/www.colorandinafoods.com.br\/blog\/#website\",\"url\":\"https:\/\/www.colorandinafoods.com.br\/blog\/\",\"name\":\"Color Andina Foods\",\"description\":\"Paix\u00e3o pelo natural!\",\"potentialAction\":[{\"@type\":\"SearchAction\",\"target\":{\"@type\":\"EntryPoint\",\"urlTemplate\":\"https:\/\/www.colorandinafoods.com.br\/blog\/?s={search_term_string}\"},\"query-input\":{\"@type\":\"PropertyValueSpecification\",\"valueRequired\":true,\"valueName\":\"search_term_string\"}}],\"inLanguage\":\"pt-BR\"},{\"@type\":\"Person\",\"@id\":\"https:\/\/www.colorandinafoods.com.br\/blog\/#\/schema\/person\/a0757394ff942283389fbdfb535a0f3e\",\"name\":\"vitoria\",\"image\":{\"@type\":\"ImageObject\",\"inLanguage\":\"pt-BR\",\"@id\":\"https:\/\/www.colorandinafoods.com.br\/blog\/#\/schema\/person\/image\/\",\"url\":\"https:\/\/secure.gravatar.com\/avatar\/29ab5e7c5d0ac27c3d17e467350d5da0283fc1f14adabef029dc8be9b5fb0a51?s=96&d=mm&r=g\",\"contentUrl\":\"https:\/\/secure.gravatar.com\/avatar\/29ab5e7c5d0ac27c3d17e467350d5da0283fc1f14adabef029dc8be9b5fb0a51?s=96&d=mm&r=g\",\"caption\":\"vitoria\"},\"url\":\"https:\/\/www.colorandinafoods.com.br\/blog\/author\/vitoria\/\"}]}<\/script>\n<!-- \/ Yoast SEO plugin. -->","yoast_head_json":{"title":"Cheesecake saud\u00e1vel com ado\u00e7ante culin\u00e1rio","description":"Se voc\u00ea est\u00e1 procurando uma sobremesa f\u00e1cil, saud\u00e1vel e equilibrada, essa cheesecake com ado\u00e7ante culin\u00e1rio \u00e9 pra voc\u00ea!","robots":{"index":"index","follow":"follow","max-snippet":"max-snippet:-1","max-image-preview":"max-image-preview:large","max-video-preview":"max-video-preview:-1"},"canonical":"https:\/\/www.colorandinafoods.com.br\/blog\/cheesecake-saudavel-com-adocante-culinario\/","og_locale":"pt_BR","og_type":"article","og_title":"Cheesecake saud\u00e1vel com ado\u00e7ante culin\u00e1rio","og_description":"Se voc\u00ea est\u00e1 procurando uma sobremesa f\u00e1cil, saud\u00e1vel e equilibrada, essa cheesecake com ado\u00e7ante culin\u00e1rio \u00e9 pra voc\u00ea!","og_url":"https:\/\/www.colorandinafoods.com.br\/blog\/cheesecake-saudavel-com-adocante-culinario\/","og_site_name":"Color Andina Foods","article_published_time":"2025-05-28T12:46:21+00:00","article_modified_time":"2026-05-12T14:56:26+00:00","og_image":[{"width":2240,"height":1260,"url":"https:\/\/www.colorandinafoods.com.br\/blog\/wp-content\/uploads\/2025\/05\/3.jpg","type":"image\/jpeg"}],"author":"vitoria","twitter_card":"summary_large_image","twitter_misc":{"Escrito por":false,"Est. tempo de leitura":"2 minutos"},"schema":{"@context":"https:\/\/schema.org","@graph":[{"@type":"WebPage","@id":"https:\/\/www.colorandinafoods.com.br\/blog\/cheesecake-saudavel-com-adocante-culinario\/","url":"https:\/\/www.colorandinafoods.com.br\/blog\/cheesecake-saudavel-com-adocante-culinario\/","name":"Cheesecake saud\u00e1vel com ado\u00e7ante culin\u00e1rio","isPartOf":{"@id":"https:\/\/www.colorandinafoods.com.br\/blog\/#website"},"primaryImageOfPage":{"@id":"https:\/\/www.colorandinafoods.com.br\/blog\/cheesecake-saudavel-com-adocante-culinario\/#primaryimage"},"image":{"@id":"https:\/\/www.colorandinafoods.com.br\/blog\/cheesecake-saudavel-com-adocante-culinario\/#primaryimage"},"thumbnailUrl":"https:\/\/www.colorandinafoods.com.br\/blog\/wp-content\/uploads\/2025\/05\/3.jpg","datePublished":"2025-05-28T12:46:21+00:00","dateModified":"2026-05-12T14:56:26+00:00","author":{"@id":"https:\/\/www.colorandinafoods.com.br\/blog\/#\/schema\/person\/a0757394ff942283389fbdfb535a0f3e"},"description":"Se voc\u00ea est\u00e1 procurando uma sobremesa f\u00e1cil, saud\u00e1vel e equilibrada, essa cheesecake com ado\u00e7ante culin\u00e1rio \u00e9 pra voc\u00ea!","breadcrumb":{"@id":"https:\/\/www.colorandinafoods.com.br\/blog\/cheesecake-saudavel-com-adocante-culinario\/#breadcrumb"},"inLanguage":"pt-BR","potentialAction":[{"@type":"ReadAction","target":["https:\/\/www.colorandinafoods.com.br\/blog\/cheesecake-saudavel-com-adocante-culinario\/"]}]},{"@type":"ImageObject","inLanguage":"pt-BR","@id":"https:\/\/www.colorandinafoods.com.br\/blog\/cheesecake-saudavel-com-adocante-culinario\/#primaryimage","url":"https:\/\/www.colorandinafoods.com.br\/blog\/wp-content\/uploads\/2025\/05\/3.jpg","contentUrl":"https:\/\/www.colorandinafoods.com.br\/blog\/wp-content\/uploads\/2025\/05\/3.jpg","width":2240,"height":1260,"caption":"Conhe\u00e7a o ado\u00e7ante culin\u00e1rio forno e fog\u00e3o"},{"@type":"BreadcrumbList","@id":"https:\/\/www.colorandinafoods.com.br\/blog\/cheesecake-saudavel-com-adocante-culinario\/#breadcrumb","itemListElement":[{"@type":"ListItem","position":1,"name":"In\u00edcio","item":"https:\/\/www.colorandinafoods.com.br\/blog\/"},{"@type":"ListItem","position":2,"name":"Sobremesa f\u00e1cil e saud\u00e1vel: cheesecake com geleia natural de morango"}]},{"@type":"WebSite","@id":"https:\/\/www.colorandinafoods.com.br\/blog\/#website","url":"https:\/\/www.colorandinafoods.com.br\/blog\/","name":"Color Andina Foods","description":"Paix\u00e3o pelo natural!","potentialAction":[{"@type":"SearchAction","target":{"@type":"EntryPoint","urlTemplate":"https:\/\/www.colorandinafoods.com.br\/blog\/?s={search_term_string}"},"query-input":{"@type":"PropertyValueSpecification","valueRequired":true,"valueName":"search_term_string"}}],"inLanguage":"pt-BR"},{"@type":"Person","@id":"https:\/\/www.colorandinafoods.com.br\/blog\/#\/schema\/person\/a0757394ff942283389fbdfb535a0f3e","name":"vitoria","image":{"@type":"ImageObject","inLanguage":"pt-BR","@id":"https:\/\/www.colorandinafoods.com.br\/blog\/#\/schema\/person\/image\/","url":"https:\/\/secure.gravatar.com\/avatar\/29ab5e7c5d0ac27c3d17e467350d5da0283fc1f14adabef029dc8be9b5fb0a51?s=96&d=mm&r=g","contentUrl":"https:\/\/secure.gravatar.com\/avatar\/29ab5e7c5d0ac27c3d17e467350d5da0283fc1f14adabef029dc8be9b5fb0a51?s=96&d=mm&r=g","caption":"vitoria"},"url":"https:\/\/www.colorandinafoods.com.br\/blog\/author\/vitoria\/"}]}},"_links":{"self":[{"href":"https:\/\/www.colorandinafoods.com.br\/blog\/wp-json\/wp\/v2\/posts\/90437","targetHints":{"allow":["GET"]}}],"collection":[{"href":"https:\/\/www.colorandinafoods.com.br\/blog\/wp-json\/wp\/v2\/posts"}],"about":[{"href":"https:\/\/www.colorandinafoods.com.br\/blog\/wp-json\/wp\/v2\/types\/post"}],"author":[{"embeddable":true,"href":"https:\/\/www.colorandinafoods.com.br\/blog\/wp-json\/wp\/v2\/users\/14013"}],"replies":[{"embeddable":true,"href":"https:\/\/www.colorandinafoods.com.br\/blog\/wp-json\/wp\/v2\/comments?post=90437"}],"version-history":[{"count":8,"href":"https:\/\/www.colorandinafoods.com.br\/blog\/wp-json\/wp\/v2\/posts\/90437\/revisions"}],"predecessor-version":[{"id":92649,"href":"https:\/\/www.colorandinafoods.com.br\/blog\/wp-json\/wp\/v2\/posts\/90437\/revisions\/92649"}],"wp:featuredmedia":[{"embeddable":true,"href":"https:\/\/www.colorandinafoods.com.br\/blog\/wp-json\/wp\/v2\/media\/90765"}],"wp:attachment":[{"href":"https:\/\/www.colorandinafoods.com.br\/blog\/wp-json\/wp\/v2\/media?parent=90437"}],"wp:term":[{"taxonomy":"category","embeddable":true,"href":"https:\/\/www.colorandinafoods.com.br\/blog\/wp-json\/wp\/v2\/categories?post=90437"},{"taxonomy":"post_tag","embeddable":true,"href":"https:\/\/www.colorandinafoods.com.br\/blog\/wp-json\/wp\/v2\/tags?post=90437"}],"curies":[{"name":"wp","href":"https:\/\/api.w.org\/{rel}","templated":true}]}}