{"id":90734,"date":"2025-06-30T11:20:00","date_gmt":"2025-06-30T14:20:00","guid":{"rendered":"https:\/\/www.colorandinafoods.com.br\/blog\/?p=90734"},"modified":"2026-04-14T11:57:00","modified_gmt":"2026-04-14T14:57:00","slug":"adocante-culinario","status":"publish","type":"post","link":"https:\/\/www.colorandinafoods.com.br\/blog\/adocante-culinario\/","title":{"rendered":"Tudo o que voc\u00ea precisa saber sobre ado\u00e7ante culin\u00e1rio st\u00e9via"},"content":{"rendered":"<p class=\"wp-block-paragraph\">O ado\u00e7ante culin\u00e1rio st\u00e9via \u00e9 uma alternativa que tem conquistado espa\u00e7o nas cozinhas de quem busca reduzir o consumo de a\u00e7\u00facar sem abrir m\u00e3o do sabor nas receitas. Sua principal caracter\u00edstica \u00e9 a capacidade de resistir ao calor, tornando-o ideal para preparos no forno e fog\u00e3o, como bolos, tortas, biscoitos e sobremesas. A substitui\u00e7\u00e3o do a\u00e7\u00facar pelo ado\u00e7ante culin\u00e1rio st\u00e9via ajuda a manter uma alimenta\u00e7\u00e3o mais equilibrada, mas sem perder a do\u00e7ura que muitas receitas exigem.<\/p><p class=\"wp-block-paragraph\">Acompanhe a leitura deste artigo e confira os principais t\u00f3picos que vamos esclarecer:<\/p><ul class=\"wp-block-list\"><li>O que \u00e9 ado\u00e7ante culin\u00e1rio st\u00e9via<\/li>\n\n<li>Ado\u00e7ante culin\u00e1rio forno e fog\u00e3o<\/li>\n\n<li>O que \u00e9 ado\u00e7ante culin\u00e1rio<\/li>\n\n<li>Ado\u00e7ante culin\u00e1rio faz mal<\/li>\n\n<li>Qual o melhor ado\u00e7ante culin\u00e1rio<\/li><\/ul><h2 class=\"wp-block-heading\">O que \u00e9 ado\u00e7ante culin\u00e1rio st\u00e9via?<\/h2><p class=\"wp-block-paragraph\">A resposta mais simples para a pergunta o que \u00e9 ado\u00e7ante culin\u00e1rio st\u00e9via \u00e9 dizer que ele \u00e9 um ado\u00e7ante de origem vegetal, derivado da planta <em>st\u00e9via rebaudiana<\/em>. De forma mais detalhada, \u00e9 importante dizer que ele \u00e9 uma op\u00e7\u00e3o saud\u00e1vel e sem calorias. Al\u00e9m disso, o ado\u00e7ante culin\u00e1rio \u00e9 um substituto do a\u00e7\u00facar projetado para suportar altas temperaturas. Isso o torna diferente de outros tipos de ado\u00e7antes que podem perder o sabor ou alterar sua estrutura quando aquecidos. Amplamente utilizado em receitas doces, ele pode ser encontrado em diversas vers\u00f5es, desde as naturais at\u00e9 as artificiais, cada uma com caracter\u00edsticas espec\u00edficas.<\/p><h2 class=\"wp-block-heading\">Ado\u00e7ante culin\u00e1rio st\u00e9via n\u00e3o cont\u00e9m maltodextrina<\/h2><p class=\"wp-block-paragraph\">Um diferencial importante \u00e9 que, al\u00e9m de n\u00e3o conter <a href=\"https:\/\/www.uol.com.br\/vivabem\/colunas\/guia-do-supermercado\/2024\/07\/22\/a-farsa-dos-adocantes-culinarios.htm\" target=\"_blank\" rel=\"noreferrer noopener\"><mark style=\"background-color:rgba(0, 0, 0, 0)\" class=\"has-inline-color has-luminous-vivid-orange-color\"><span style=\"text-decoration: underline;\">maltodextrina<\/span><\/mark><\/a> \u2014 um carboidrato usado como aditivo em muitos produtos, mas que pode impactar certas dietas \u2014 o ado\u00e7ante culin\u00e1rio st\u00e9via n\u00e3o deixa gosto met\u00e1lico na boca, garantindo uma experi\u00eancia mais agrad\u00e1vel para os paladares mais exigentes.<\/p><p class=\"wp-block-paragraph\">O sabor suave e equilibrado do ado\u00e7ante culin\u00e1rio st\u00e9via elimina a sensa\u00e7\u00e3o de amargor que \u00e9 comum em alguns ado\u00e7antes artificiais. Essa caracter\u00edstica faz com que ele seja amplamente aceito, pois n\u00e3o altera o sabor final das receitas, preservando o gosto original dos alimentos.<\/p><h2 class=\"wp-block-heading\">Ado\u00e7ante culin\u00e1rio forno e fog\u00e3o<\/h2><p class=\"wp-block-paragraph\">O ado\u00e7ante culin\u00e1rio forno e fog\u00e3o se destaca por sua estabilidade em altas temperaturas. Essa caracter\u00edstica o torna ideal para receitas que v\u00e3o do quente ao gelado, garantindo que o sabor doce permane\u00e7a intacto ap\u00f3s o cozimento e o resfriamento. Seja para preparar bolos fofinhos ou compotas deliciosas, o ado\u00e7ante culin\u00e1rio st\u00e9via \u00e9 um aliado indispens\u00e1vel para a culin\u00e1ria saud\u00e1vel e ainda mant\u00e9m seu benef\u00edcio de n\u00e3o deixar sabor amargo, caracter\u00edstica que muitos outros ado\u00e7antes n\u00e3o conseguem oferecer.<\/p><figure class=\"wp-block-image size-large\"><a href=\"https:\/\/www.colorandinafoods.com.br\/adocante-stevia?utm_campaign=Adocante+Culinario&amp;utm_medium=SEO&amp;utm_source=Artigo\" target=\"_blank\" rel=\" noreferrer noopener\"><img fetchpriority=\"high\" decoding=\"async\" width=\"1024\" height=\"219\" src=\"https:\/\/www.colorandinafoods.com.br\/blog\/wp-content\/uploads\/2025\/07\/Adocante-culinario-stevia-1024x219.jpg\" alt=\"Ado\u00e7ante culin\u00e1rio stevia\" class=\"wp-image-90737\" srcset=\"https:\/\/www.colorandinafoods.com.br\/blog\/wp-content\/uploads\/2025\/07\/Adocante-culinario-stevia-1024x219.jpg 1024w, https:\/\/www.colorandinafoods.com.br\/blog\/wp-content\/uploads\/2025\/07\/Adocante-culinario-stevia-300x64.jpg 300w, https:\/\/www.colorandinafoods.com.br\/blog\/wp-content\/uploads\/2025\/07\/Adocante-culinario-stevia-768x165.jpg 768w, https:\/\/www.colorandinafoods.com.br\/blog\/wp-content\/uploads\/2025\/07\/Adocante-culinario-stevia-500x107.jpg 500w, https:\/\/www.colorandinafoods.com.br\/blog\/wp-content\/uploads\/2025\/07\/Adocante-culinario-stevia-150x32.jpg 150w, https:\/\/www.colorandinafoods.com.br\/blog\/wp-content\/uploads\/2025\/07\/Adocante-culinario-stevia.jpg 1400w\" sizes=\"(max-width: 1024px) 100vw, 1024px\" \/><\/a><\/figure><h2 class=\"wp-block-heading\">Ado\u00e7ante culin\u00e1rio faz mal?<\/h2><p class=\"wp-block-paragraph\">Uma d\u00favida comum \u00e9 se ado\u00e7ante culin\u00e1rio faz mal, ou seja, se pode causar algum preju\u00edzo \u00e0 sa\u00fade. No caso do ado\u00e7ante culin\u00e1rio st\u00e9via, ele \u00e9 amplamente reconhecido como seguro quando usado de forma moderada. Por seu perfil natural, por n\u00e3o possuir maltodextrina nem aditivos qu\u00edmicos, e principalmente por n\u00e3o deixar resqu\u00edcios desagrad\u00e1veis, como gosto met\u00e1lico ou residual, ele \u00e9 uma escolha saud\u00e1vel e confi\u00e1vel, refor\u00e7ando sua posi\u00e7\u00e3o como uma das melhores op\u00e7\u00f5es no mercado.<\/p><figure class=\"wp-block-embed is-type-video is-provider-youtube wp-block-embed-youtube wp-embed-aspect-16-9 wp-has-aspect-ratio\"><div class=\"wp-block-embed__wrapper\">\n<iframe title=\"Ado\u00e7ante faz bem para sa\u00fade?\" width=\"660\" height=\"371\" src=\"https:\/\/www.youtube.com\/embed\/9lqeWpNybiQ?feature=oembed\" frameborder=\"0\" allow=\"accelerometer; autoplay; clipboard-write; encrypted-media; gyroscope; picture-in-picture; web-share\" referrerpolicy=\"strict-origin-when-cross-origin\" allowfullscreen><\/iframe>\n<\/div><\/figure><script type=\"application\/ld+json\">\n{\n  \"@context\": \"https:\/\/schema.org\",\n  \"@type\": \"VideoObject\",\n  \"name\": \"Ado\u00e7ante faz bem para sa\u00fade?\",\n  \"description\": \"Em outros v\u00eddeos, j\u00e1 mencionamos que o ado\u00e7ante n\u00e3o faz mal \u00e0 sa\u00fade, mas ser\u00e1 que ele faz bem? Ser\u00e1 que ele pode causar impactos ben\u00e9ficos e significativos na sa\u00fade do seu corpo?\",\n  \"thumbnailUrl\": \"https:\/\/i.ytimg.com\/vi\/9lqeWpNybiQ\/hqdefault.jpg?sqp=-oaymwEmCKgBEF5IWvKriqkDGQgBFQAAiEIYAdgBAeIBCggYEAIYBjgBQAE=\\u0026rs=AOn4CLCTI0qE1ftXfgwiPcqEOMqejneNYg\",\n  \"uploadDate\": \"(29\/03\/2024)\",\n\"embedUrl\": \"https:\/\/www.youtube.com\/watch?v=9lqeWpNybiQ\"\n}\n<\/script><h2 class=\"wp-block-heading\">Benef\u00edcios do ado\u00e7ante culin\u00e1rio st\u00e9via<\/h2><p class=\"wp-block-paragraph\">Al\u00e9m de ser natural, livre de calorias e de f\u00e1cil aplica\u00e7\u00e3o em receitas, o ado\u00e7ante culin\u00e1rio st\u00e9via se destaca principalmente por n\u00e3o ter sabor amargo nem deixar gosto met\u00e1lico na boca. Essa aus\u00eancia de sabor residual proporciona uma experi\u00eancia mais prazerosa para quem est\u00e1 substituindo o a\u00e7\u00facar, mantendo o equil\u00edbrio perfeito entre sa\u00fade e sabor. Sua <a href=\"https:\/\/www.dicio.com.br\/versatilidade\/\" target=\"_blank\" rel=\"noreferrer noopener\"><mark style=\"background-color:rgba(0, 0, 0, 0)\" class=\"has-inline-color has-light-green-cyan-color\"><span style=\"text-decoration: underline;\">versatilidade<\/span><\/mark><\/a> tamb\u00e9m \u00e9 um ponto forte, podendo ser utilizado em uma ampla gama de receitas e bebidas sem comprometer o sabor final.<\/p><p class=\"wp-block-paragraph\">Outro benef\u00edcio importante \u00e9 sua composi\u00e7\u00e3o sem maltodextrina, o que o torna ainda mais adequado para quem busca produtos mais puros e saud\u00e1veis. Sua capacidade de substituir o a\u00e7\u00facar na propor\u00e7\u00e3o 1:1 em algumas formula\u00e7\u00f5es facilita a sua utiliza\u00e7\u00e3o, permitindo que mesmo iniciantes possam incorpor\u00e1-lo facilmente na rotina. Veja mais no t\u00f3pico a seguir.<\/p><h2 class=\"wp-block-heading\">Ado\u00e7ante culin\u00e1rio st\u00e9via e a propor\u00e7\u00e3o 1:1. Por que isso \u00e9 t\u00e3o importante?<\/h2><p class=\"wp-block-paragraph\">Uma das caracter\u00edsticas mais vantajosas do ado\u00e7ante culin\u00e1rio st\u00e9via, nas vers\u00f5es das melhores marcas, \u00e9 que ele pode ser utilizado na mesma propor\u00e7\u00e3o que o a\u00e7\u00facar nas receitas, ou seja, na propor\u00e7\u00e3o 1:1. Isso significa que, se uma receita pede uma x\u00edcara de a\u00e7\u00facar, voc\u00ea pode simplesmente substituir por uma x\u00edcara de ado\u00e7ante culin\u00e1rio st\u00e9via, sem a necessidade de ajustes complicados ou c\u00e1lculos confusos.<\/p><p class=\"wp-block-paragraph\">Essa simplicidade \u00e9 um diferencial significativo, pois grande parte das receitas j\u00e1 est\u00e1 padronizada com medidas de a\u00e7\u00facar. Essa caracter\u00edstica facilita muito a vida de quem gosta de cozinhar, eliminando as incertezas que podem surgir ao adaptar uma receita para uma alternativa mais saud\u00e1vel. Dessa forma, o ado\u00e7ante culin\u00e1rio st\u00e9via torna o processo de convers\u00e3o incrivelmente pr\u00e1tico, permitindo que voc\u00ea mantenha a mesma experi\u00eancia culin\u00e1ria, mas de forma mais leve e equilibrada.<\/p><h2 class=\"wp-block-heading\">A textura: um segredo fundamental na culin\u00e1ria<\/h2><p class=\"wp-block-paragraph\">Al\u00e9m da do\u00e7ura, o a\u00e7\u00facar desempenha um papel crucial na textura das receitas. Ele n\u00e3o apenas ado\u00e7a, mas tamb\u00e9m contribui para dar estrutura a bolos, a croc\u00e2ncia de biscoitos e a densidade de sobremesas, al\u00e9m de influenciar na apar\u00eancia final, como o dourado de uma cobertura assada. Essa \u00e9 uma das maiores preocupa\u00e7\u00f5es de quem substitui o <a href=\"https:\/\/pt.wikipedia.org\/wiki\/A%C3%A7%C3%BAcar\" target=\"_blank\" rel=\"noreferrer noopener\"><mark style=\"background-color:rgba(0, 0, 0, 0)\" class=\"has-inline-color has-light-green-cyan-color\"><span style=\"text-decoration: underline;\">a\u00e7\u00facar<\/span><\/mark><\/a> em receitas.<\/p><p class=\"wp-block-paragraph\"><strong>+ LEIA MAIS: <u>Confira algumas <\/u><a href=\"https:\/\/colorandinafoods.com.br\/category\/receitas\/?utm_source=Artigo&amp;utm_medium=SEO&amp;utm_campaign=Adocante+Culinario\" target=\"_blank\" rel=\"noreferrer noopener\"><mark style=\"background-color:rgba(0, 0, 0, 0)\" class=\"has-inline-color has-light-green-cyan-color\"><span style=\"text-decoration: underline;\">receitas saud\u00e1veis<\/span><\/mark><\/a><u> para o seu dia a dia<\/u><\/strong><\/p><p class=\"wp-block-paragraph\">Felizmente, o ado\u00e7ante culin\u00e1rio st\u00e9via das melhores marcas foi desenvolvido para atender a essas demandas. Ele \u00e9 formulado para reproduzir o mesmo efeito que o a\u00e7\u00facar proporciona nas massas e na consist\u00eancia geral das receitas. Assim, seus bolos podem continuar fofinhos, seus biscoitos crocantes e suas sobremesas com a densidade perfeita. Essa aten\u00e7\u00e3o ao detalhe na formula\u00e7\u00e3o torna o ado\u00e7ante culin\u00e1rio st\u00e9via uma op\u00e7\u00e3o que n\u00e3o compromete o resultado final de suas cria\u00e7\u00f5es.<\/p><h2 class=\"wp-block-heading\"><a><\/a>Qual o melhor ado\u00e7ante culin\u00e1rio?<\/h2><p class=\"wp-block-paragraph\">Afinal, qual o melhor ado\u00e7ante culin\u00e1rio? A escolha depende das necessidades e prefer\u00eancias de cada pessoa. O ado\u00e7ante culin\u00e1rio st\u00e9via, em particular, \u00e9 amplamente conhecido por n\u00e3o apresentar sabor amargo ou residual, o que representa um diferencial significativo em rela\u00e7\u00e3o a muitos outros ado\u00e7antes dispon\u00edveis no mercado.<\/p><p class=\"wp-block-paragraph\">O ado\u00e7ante culin\u00e1rio st\u00e9via da Color Andina, por exemplo, proporciona poder ado\u00e7ante equivalente ao do a\u00e7\u00facar e sabor final similar, sem aquele gosto caracter\u00edstico dos ado\u00e7antes. Resistente a temperaturas elevadas, ele preserva cor, volume e textura das prepara\u00e7\u00f5es, garantindo resultados consistentes em receitas assadas e cozidas.<\/p><p class=\"wp-block-paragraph\">Sua composi\u00e7\u00e3o \u00e9 enriquecida com Eritritol, uma fibra vegetal e uma combina\u00e7\u00e3o de Stevia Color e Thaumatina, o que garante uma textura firme e brilho nas receitas. A fibra de milho que ele tem n\u00e3o s\u00f3 confere a estrutura necess\u00e1ria para massas e preparos assados, mas tamb\u00e9m melhora a homogeneidade, garantindo um excelente rendimento sem alterar o sabor.<\/p><p class=\"wp-block-paragraph\">Elaborado a partir da folha de st\u00e9via natural, o ado\u00e7ante culin\u00e1rio st\u00e9via da Color Andina \u00e9 100% natural e n\u00e3o possui subst\u00e2ncias qu\u00edmicas ou processos industriais agressivos. A fabrica\u00e7\u00e3o utiliza \u00e1gua desmineralizada, garantindo um produto livre de sabor residual, proporcionando uma experi\u00eancia mais agrad\u00e1vel e saud\u00e1vel. O diferencial para a aus\u00eancia de gosto residual est\u00e1 na escolha da folha crioula, uma variedade de st\u00e9via reconhecida por sua pureza e sabor aut\u00eantico, sem aquele retrogosto amargo comum em outros ado\u00e7antes.<\/p><p class=\"wp-block-paragraph\">Al\u00e9m de ser sem a\u00e7\u00facar, s\u00f3dio, ado\u00e7antes artificiais, corantes, aromatizantes, gl\u00faten, lactose e maltodextrina, ele n\u00e3o afeta a glicemia, sendo uma op\u00e7\u00e3o saud\u00e1vel para diab\u00e9ticos e pessoas que desejam controlar os n\u00edveis de a\u00e7\u00facar no sangue. Substituir o a\u00e7\u00facar por este ado\u00e7ante resulta em redu\u00e7\u00e3o de calorias, sem comprometer o sabor das receitas e mantendo o prazer de consumir sobremesas e prepara\u00e7\u00f5es doces.<\/p><p class=\"wp-block-paragraph\">Perfeito para chefs, confeiteiros e cozinhas profissionais, este ado\u00e7ante oferece sabor equilibrado, \u00f3timo rendimento e menor carga glic\u00eamica, sem abrir m\u00e3o da qualidade e autenticidade das receitas.<\/p><h2 class=\"wp-block-heading\">D\u00ea uma chance: surpreenda-se com o ado\u00e7ante culin\u00e1rio st\u00e9via<\/h2><p class=\"wp-block-paragraph\">Se voc\u00ea \u00e9 do tipo que torce o nariz para ado\u00e7antes culin\u00e1rios, est\u00e1 na hora de rever seus conceitos! Muitos cozinheiros enfrentam um certo preconceito com ado\u00e7antes, acreditando que eles alteram o sabor ou a textura das receitas. Mas as melhores marcas de ado\u00e7ante culin\u00e1rio st\u00e9via desafiam essa ideia com suas formula\u00e7\u00f5es superiores. Al\u00e9m de oferecer uma do\u00e7ura equilibrada, sem sabor amargo ou met\u00e1lico, e proporcionar uma textura incr\u00edvel, ele garante resultados surpreendentes.<\/p><p class=\"wp-block-paragraph\"><strong>+ LEIA MAIS: <a href=\"https:\/\/colorandinafoods.com.br\/como-substituir-o-acucar-nas-receitas\/?utm_source=Artigo&amp;utm_medium=SEO&amp;utm_campaign=Adocante+Culinario\" target=\"_blank\" rel=\"noreferrer noopener\"><mark style=\"background-color:rgba(0, 0, 0, 0)\" class=\"has-inline-color has-light-green-cyan-color\"><span style=\"text-decoration: underline;\">Como substituir o a\u00e7\u00facar nas receitas<\/span><\/mark><\/a><\/strong><\/p><p class=\"wp-block-paragraph\">Que tal experimentar o ado\u00e7ante culin\u00e1rio st\u00e9via em sua pr\u00f3xima receita? Pode ser aquele bolo favorito, uma sobremesa especial ou at\u00e9 mesmo um simples biscoito caseiro. O resultado vai te impressionar: receitas saborosas, leves e com a qualidade que voc\u00ea espera. Quem cozinha sabe que a melhor forma de avaliar um ingrediente \u00e9 testando \u2014 e o ado\u00e7ante culin\u00e1rio st\u00e9via pode muito bem ser o pr\u00f3ximo grande aliado da sua cozinha. Voc\u00ea pode se surpreender com o qu\u00e3o f\u00e1cil e prazeroso ser\u00e1 incorpor\u00e1-lo \u00e0 sua rotina culin\u00e1ria!<\/p><figure class=\"wp-block-image size-large\"><a href=\"https:\/\/www.colorandinafoods.com.br\/adocante-stevia?utm_campaign=Adocante+Culinario&amp;utm_medium=SEO&amp;utm_source=Artigo\" target=\"_blank\" rel=\" noreferrer noopener\"><img decoding=\"async\" width=\"1024\" height=\"219\" src=\"https:\/\/www.colorandinafoods.com.br\/blog\/wp-content\/uploads\/2025\/07\/Adocante-culinario-forno-e-fogao-1024x219.jpg\" alt=\"Ado\u00e7ante culin\u00e1rio forno e fog\u00e3o\" class=\"wp-image-90736\" srcset=\"https:\/\/www.colorandinafoods.com.br\/blog\/wp-content\/uploads\/2025\/07\/Adocante-culinario-forno-e-fogao-1024x219.jpg 1024w, https:\/\/www.colorandinafoods.com.br\/blog\/wp-content\/uploads\/2025\/07\/Adocante-culinario-forno-e-fogao-300x64.jpg 300w, https:\/\/www.colorandinafoods.com.br\/blog\/wp-content\/uploads\/2025\/07\/Adocante-culinario-forno-e-fogao-768x165.jpg 768w, https:\/\/www.colorandinafoods.com.br\/blog\/wp-content\/uploads\/2025\/07\/Adocante-culinario-forno-e-fogao-500x107.jpg 500w, https:\/\/www.colorandinafoods.com.br\/blog\/wp-content\/uploads\/2025\/07\/Adocante-culinario-forno-e-fogao-150x32.jpg 150w, https:\/\/www.colorandinafoods.com.br\/blog\/wp-content\/uploads\/2025\/07\/Adocante-culinario-forno-e-fogao.jpg 1400w\" sizes=\"(max-width: 1024px) 100vw, 1024px\" \/><\/a><\/figure>","protected":false},"excerpt":{"rendered":"<p>O ado\u00e7ante culin\u00e1rio st\u00e9via \u00e9 uma alternativa que tem conquistado espa\u00e7o nas cozinhas de quem busca reduzir o consumo de a\u00e7\u00facar sem abrir m\u00e3o do sabor nas receitas. Sua principal caracter\u00edstica \u00e9 a capacidade de resistir ao calor, tornando-o ideal para preparos no forno e fog\u00e3o, como bolos, tortas, biscoitos e sobremesas. A substitui\u00e7\u00e3o do<\/p>\n<p class=\"link-more\"><a href=\"https:\/\/www.colorandinafoods.com.br\/blog\/adocante-culinario\/\" class=\"more-link\"><span>Read More<\/span><\/a><\/p>\n","protected":false},"author":1,"featured_media":90735,"comment_status":"open","ping_status":"open","sticky":true,"template":"","format":"standard","meta":{"footnotes":""},"categories":[346],"tags":[364,369,368,365,366,367],"class_list":["post-90734","post","type-post","status-publish","format-standard","has-post-thumbnail","hentry","category-adocantes","tag-adocante-culinario","tag-adocante-culinario-faz-mal","tag-adocante-culinario-forno-e-fogao","tag-adocante-culinario-stevia","tag-o-que-e-adocante-culinario","tag-qual-o-melhor-adocante-culinario"],"yoast_head":"<!-- This site is optimized with the Yoast SEO plugin v24.2 - https:\/\/yoast.com\/wordpress\/plugins\/seo\/ -->\n<title>Tudo o que voc\u00ea precisa saber sobre ado\u00e7ante culin\u00e1rio st\u00e9via<\/title>\n<meta name=\"description\" content=\"O ado\u00e7ante culin\u00e1rio st\u00e9via \u00e9 uma alternativa que tem conquistado espa\u00e7o nas cozinhas de quem busca reduzir o consumo de a\u00e7\u00facar sem abrir m\u00e3o do sabor.\" \/>\n<meta name=\"robots\" content=\"index, follow, max-snippet:-1, max-image-preview:large, max-video-preview:-1\" \/>\n<link rel=\"canonical\" href=\"https:\/\/www.colorandinafoods.com.br\/blog\/adocante-culinario\/\" \/>\n<meta property=\"og:locale\" content=\"pt_BR\" \/>\n<meta property=\"og:type\" content=\"article\" \/>\n<meta property=\"og:title\" content=\"Tudo o que voc\u00ea precisa saber sobre ado\u00e7ante culin\u00e1rio st\u00e9via\" \/>\n<meta property=\"og:description\" content=\"O ado\u00e7ante culin\u00e1rio st\u00e9via \u00e9 uma alternativa que tem conquistado espa\u00e7o nas cozinhas de quem busca reduzir o consumo de a\u00e7\u00facar sem abrir m\u00e3o do sabor.\" \/>\n<meta property=\"og:url\" content=\"https:\/\/www.colorandinafoods.com.br\/blog\/adocante-culinario\/\" \/>\n<meta property=\"og:site_name\" content=\"Color Andina Foods\" \/>\n<meta property=\"article:published_time\" content=\"2025-06-30T14:20:00+00:00\" \/>\n<meta property=\"article:modified_time\" content=\"2026-04-14T14:57:00+00:00\" \/>\n<meta property=\"og:image\" content=\"https:\/\/www.colorandinafoods.com.br\/blog\/wp-content\/uploads\/2025\/07\/Adocante-culinario-scaled.jpg\" \/>\n\t<meta property=\"og:image:width\" content=\"2560\" \/>\n\t<meta property=\"og:image:height\" content=\"2048\" \/>\n\t<meta property=\"og:image:type\" content=\"image\/jpeg\" \/>\n<meta name=\"author\" content=\"mmt_colorandina\" \/>\n<meta name=\"twitter:card\" content=\"summary_large_image\" \/>\n<meta name=\"twitter:label1\" content=\"Escrito por\" \/>\n\t<meta name=\"twitter:data1\" content=\"\" \/>\n\t<meta name=\"twitter:label2\" content=\"Est. tempo de leitura\" \/>\n\t<meta name=\"twitter:data2\" content=\"9 minutos\" \/>\n<script type=\"application\/ld+json\" class=\"yoast-schema-graph\">{\"@context\":\"https:\/\/schema.org\",\"@graph\":[{\"@type\":\"WebPage\",\"@id\":\"https:\/\/www.colorandinafoods.com.br\/blog\/adocante-culinario\/\",\"url\":\"https:\/\/www.colorandinafoods.com.br\/blog\/adocante-culinario\/\",\"name\":\"Tudo o que voc\u00ea precisa saber sobre ado\u00e7ante culin\u00e1rio st\u00e9via\",\"isPartOf\":{\"@id\":\"https:\/\/www.colorandinafoods.com.br\/blog\/#website\"},\"primaryImageOfPage\":{\"@id\":\"https:\/\/www.colorandinafoods.com.br\/blog\/adocante-culinario\/#primaryimage\"},\"image\":{\"@id\":\"https:\/\/www.colorandinafoods.com.br\/blog\/adocante-culinario\/#primaryimage\"},\"thumbnailUrl\":\"https:\/\/www.colorandinafoods.com.br\/blog\/wp-content\/uploads\/2025\/07\/Adocante-culinario-scaled.jpg\",\"datePublished\":\"2025-06-30T14:20:00+00:00\",\"dateModified\":\"2026-04-14T14:57:00+00:00\",\"author\":{\"@id\":\"https:\/\/www.colorandinafoods.com.br\/blog\/#\/schema\/person\/eb9c4d42a8281609c71790332e602096\"},\"description\":\"O ado\u00e7ante culin\u00e1rio st\u00e9via \u00e9 uma alternativa que tem conquistado espa\u00e7o nas cozinhas de quem busca reduzir o consumo de a\u00e7\u00facar sem abrir m\u00e3o do sabor.\",\"breadcrumb\":{\"@id\":\"https:\/\/www.colorandinafoods.com.br\/blog\/adocante-culinario\/#breadcrumb\"},\"inLanguage\":\"pt-BR\",\"potentialAction\":[{\"@type\":\"ReadAction\",\"target\":[\"https:\/\/www.colorandinafoods.com.br\/blog\/adocante-culinario\/\"]}]},{\"@type\":\"ImageObject\",\"inLanguage\":\"pt-BR\",\"@id\":\"https:\/\/www.colorandinafoods.com.br\/blog\/adocante-culinario\/#primaryimage\",\"url\":\"https:\/\/www.colorandinafoods.com.br\/blog\/wp-content\/uploads\/2025\/07\/Adocante-culinario-scaled.jpg\",\"contentUrl\":\"https:\/\/www.colorandinafoods.com.br\/blog\/wp-content\/uploads\/2025\/07\/Adocante-culinario-scaled.jpg\",\"width\":2560,\"height\":2048,\"caption\":\"Ado\u00e7ante culin\u00e1rio\"},{\"@type\":\"BreadcrumbList\",\"@id\":\"https:\/\/www.colorandinafoods.com.br\/blog\/adocante-culinario\/#breadcrumb\",\"itemListElement\":[{\"@type\":\"ListItem\",\"position\":1,\"name\":\"In\u00edcio\",\"item\":\"https:\/\/www.colorandinafoods.com.br\/blog\/\"},{\"@type\":\"ListItem\",\"position\":2,\"name\":\"Tudo o que voc\u00ea precisa saber sobre ado\u00e7ante culin\u00e1rio st\u00e9via\"}]},{\"@type\":\"WebSite\",\"@id\":\"https:\/\/www.colorandinafoods.com.br\/blog\/#website\",\"url\":\"https:\/\/www.colorandinafoods.com.br\/blog\/\",\"name\":\"Color Andina Foods\",\"description\":\"Paix\u00e3o pelo natural!\",\"potentialAction\":[{\"@type\":\"SearchAction\",\"target\":{\"@type\":\"EntryPoint\",\"urlTemplate\":\"https:\/\/www.colorandinafoods.com.br\/blog\/?s={search_term_string}\"},\"query-input\":{\"@type\":\"PropertyValueSpecification\",\"valueRequired\":true,\"valueName\":\"search_term_string\"}}],\"inLanguage\":\"pt-BR\"},{\"@type\":\"Person\",\"@id\":\"https:\/\/www.colorandinafoods.com.br\/blog\/#\/schema\/person\/eb9c4d42a8281609c71790332e602096\",\"name\":\"mmt_colorandina\",\"image\":{\"@type\":\"ImageObject\",\"inLanguage\":\"pt-BR\",\"@id\":\"https:\/\/www.colorandinafoods.com.br\/blog\/#\/schema\/person\/image\/\",\"url\":\"https:\/\/secure.gravatar.com\/avatar\/48c0da65da83daabfa6def0522a5314e9183ec93c4fe58132e80af0182361cb0?s=96&d=mm&r=g\",\"contentUrl\":\"https:\/\/secure.gravatar.com\/avatar\/48c0da65da83daabfa6def0522a5314e9183ec93c4fe58132e80af0182361cb0?s=96&d=mm&r=g\",\"caption\":\"mmt_colorandina\"},\"sameAs\":[\"https:\/\/www.colorandinafoods.com.br\/blog\"],\"url\":\"https:\/\/www.colorandinafoods.com.br\/blog\/author\/mmt_colorandina\/\"}]}<\/script>\n<!-- \/ Yoast SEO plugin. -->","yoast_head_json":{"title":"Tudo o que voc\u00ea precisa saber sobre ado\u00e7ante culin\u00e1rio st\u00e9via","description":"O ado\u00e7ante culin\u00e1rio st\u00e9via \u00e9 uma alternativa que tem conquistado espa\u00e7o nas cozinhas de quem busca reduzir o consumo de a\u00e7\u00facar sem abrir m\u00e3o do sabor.","robots":{"index":"index","follow":"follow","max-snippet":"max-snippet:-1","max-image-preview":"max-image-preview:large","max-video-preview":"max-video-preview:-1"},"canonical":"https:\/\/www.colorandinafoods.com.br\/blog\/adocante-culinario\/","og_locale":"pt_BR","og_type":"article","og_title":"Tudo o que voc\u00ea precisa saber sobre ado\u00e7ante culin\u00e1rio st\u00e9via","og_description":"O ado\u00e7ante culin\u00e1rio st\u00e9via \u00e9 uma alternativa que tem conquistado espa\u00e7o nas cozinhas de quem busca reduzir o consumo de a\u00e7\u00facar sem abrir m\u00e3o do sabor.","og_url":"https:\/\/www.colorandinafoods.com.br\/blog\/adocante-culinario\/","og_site_name":"Color Andina Foods","article_published_time":"2025-06-30T14:20:00+00:00","article_modified_time":"2026-04-14T14:57:00+00:00","og_image":[{"width":2560,"height":2048,"url":"https:\/\/www.colorandinafoods.com.br\/blog\/wp-content\/uploads\/2025\/07\/Adocante-culinario-scaled.jpg","type":"image\/jpeg"}],"author":"mmt_colorandina","twitter_card":"summary_large_image","twitter_misc":{"Escrito por":false,"Est. tempo de leitura":"9 minutos"},"schema":{"@context":"https:\/\/schema.org","@graph":[{"@type":"WebPage","@id":"https:\/\/www.colorandinafoods.com.br\/blog\/adocante-culinario\/","url":"https:\/\/www.colorandinafoods.com.br\/blog\/adocante-culinario\/","name":"Tudo o que voc\u00ea precisa saber sobre ado\u00e7ante culin\u00e1rio st\u00e9via","isPartOf":{"@id":"https:\/\/www.colorandinafoods.com.br\/blog\/#website"},"primaryImageOfPage":{"@id":"https:\/\/www.colorandinafoods.com.br\/blog\/adocante-culinario\/#primaryimage"},"image":{"@id":"https:\/\/www.colorandinafoods.com.br\/blog\/adocante-culinario\/#primaryimage"},"thumbnailUrl":"https:\/\/www.colorandinafoods.com.br\/blog\/wp-content\/uploads\/2025\/07\/Adocante-culinario-scaled.jpg","datePublished":"2025-06-30T14:20:00+00:00","dateModified":"2026-04-14T14:57:00+00:00","author":{"@id":"https:\/\/www.colorandinafoods.com.br\/blog\/#\/schema\/person\/eb9c4d42a8281609c71790332e602096"},"description":"O ado\u00e7ante culin\u00e1rio st\u00e9via \u00e9 uma alternativa que tem conquistado espa\u00e7o nas cozinhas de quem busca reduzir o consumo de a\u00e7\u00facar sem abrir m\u00e3o do sabor.","breadcrumb":{"@id":"https:\/\/www.colorandinafoods.com.br\/blog\/adocante-culinario\/#breadcrumb"},"inLanguage":"pt-BR","potentialAction":[{"@type":"ReadAction","target":["https:\/\/www.colorandinafoods.com.br\/blog\/adocante-culinario\/"]}]},{"@type":"ImageObject","inLanguage":"pt-BR","@id":"https:\/\/www.colorandinafoods.com.br\/blog\/adocante-culinario\/#primaryimage","url":"https:\/\/www.colorandinafoods.com.br\/blog\/wp-content\/uploads\/2025\/07\/Adocante-culinario-scaled.jpg","contentUrl":"https:\/\/www.colorandinafoods.com.br\/blog\/wp-content\/uploads\/2025\/07\/Adocante-culinario-scaled.jpg","width":2560,"height":2048,"caption":"Ado\u00e7ante culin\u00e1rio"},{"@type":"BreadcrumbList","@id":"https:\/\/www.colorandinafoods.com.br\/blog\/adocante-culinario\/#breadcrumb","itemListElement":[{"@type":"ListItem","position":1,"name":"In\u00edcio","item":"https:\/\/www.colorandinafoods.com.br\/blog\/"},{"@type":"ListItem","position":2,"name":"Tudo o que voc\u00ea precisa saber sobre ado\u00e7ante culin\u00e1rio st\u00e9via"}]},{"@type":"WebSite","@id":"https:\/\/www.colorandinafoods.com.br\/blog\/#website","url":"https:\/\/www.colorandinafoods.com.br\/blog\/","name":"Color Andina Foods","description":"Paix\u00e3o pelo natural!","potentialAction":[{"@type":"SearchAction","target":{"@type":"EntryPoint","urlTemplate":"https:\/\/www.colorandinafoods.com.br\/blog\/?s={search_term_string}"},"query-input":{"@type":"PropertyValueSpecification","valueRequired":true,"valueName":"search_term_string"}}],"inLanguage":"pt-BR"},{"@type":"Person","@id":"https:\/\/www.colorandinafoods.com.br\/blog\/#\/schema\/person\/eb9c4d42a8281609c71790332e602096","name":"mmt_colorandina","image":{"@type":"ImageObject","inLanguage":"pt-BR","@id":"https:\/\/www.colorandinafoods.com.br\/blog\/#\/schema\/person\/image\/","url":"https:\/\/secure.gravatar.com\/avatar\/48c0da65da83daabfa6def0522a5314e9183ec93c4fe58132e80af0182361cb0?s=96&d=mm&r=g","contentUrl":"https:\/\/secure.gravatar.com\/avatar\/48c0da65da83daabfa6def0522a5314e9183ec93c4fe58132e80af0182361cb0?s=96&d=mm&r=g","caption":"mmt_colorandina"},"sameAs":["https:\/\/www.colorandinafoods.com.br\/blog"],"url":"https:\/\/www.colorandinafoods.com.br\/blog\/author\/mmt_colorandina\/"}]}},"_links":{"self":[{"href":"https:\/\/www.colorandinafoods.com.br\/blog\/wp-json\/wp\/v2\/posts\/90734","targetHints":{"allow":["GET"]}}],"collection":[{"href":"https:\/\/www.colorandinafoods.com.br\/blog\/wp-json\/wp\/v2\/posts"}],"about":[{"href":"https:\/\/www.colorandinafoods.com.br\/blog\/wp-json\/wp\/v2\/types\/post"}],"author":[{"embeddable":true,"href":"https:\/\/www.colorandinafoods.com.br\/blog\/wp-json\/wp\/v2\/users\/1"}],"replies":[{"embeddable":true,"href":"https:\/\/www.colorandinafoods.com.br\/blog\/wp-json\/wp\/v2\/comments?post=90734"}],"version-history":[{"count":3,"href":"https:\/\/www.colorandinafoods.com.br\/blog\/wp-json\/wp\/v2\/posts\/90734\/revisions"}],"predecessor-version":[{"id":92304,"href":"https:\/\/www.colorandinafoods.com.br\/blog\/wp-json\/wp\/v2\/posts\/90734\/revisions\/92304"}],"wp:featuredmedia":[{"embeddable":true,"href":"https:\/\/www.colorandinafoods.com.br\/blog\/wp-json\/wp\/v2\/media\/90735"}],"wp:attachment":[{"href":"https:\/\/www.colorandinafoods.com.br\/blog\/wp-json\/wp\/v2\/media?parent=90734"}],"wp:term":[{"taxonomy":"category","embeddable":true,"href":"https:\/\/www.colorandinafoods.com.br\/blog\/wp-json\/wp\/v2\/categories?post=90734"},{"taxonomy":"post_tag","embeddable":true,"href":"https:\/\/www.colorandinafoods.com.br\/blog\/wp-json\/wp\/v2\/tags?post=90734"}],"curies":[{"name":"wp","href":"https:\/\/api.w.org\/{rel}","templated":true}]}}