{"id":9168,"date":"2022-10-20T12:37:48","date_gmt":"2022-10-20T15:37:48","guid":{"rendered":"https:\/\/blog.colorandinafoods.com.br\/?p=9168"},"modified":"2026-06-23T11:31:42","modified_gmt":"2026-06-23T14:31:42","slug":"adocante-stevia-em-po","status":"publish","type":"post","link":"https:\/\/www.colorandinafoods.com.br\/blog\/adocante-stevia-em-po\/","title":{"rendered":"Ado\u00e7ante stevia em p\u00f3: para que serve com o que tomar para n\u00e3o ter retrogosto?"},"content":{"rendered":"\t\t<div data-elementor-type=\"wp-post\" data-elementor-id=\"9168\" class=\"elementor elementor-9168\" data-elementor-post-type=\"post\">\n\t\t\t\t\t\t<section class=\"elementor-section elementor-top-section elementor-element elementor-element-f7fa80c elementor-section-boxed elementor-section-height-default elementor-section-height-default\" data-id=\"f7fa80c\" data-element_type=\"section\">\n\t\t\t\t\t\t<div class=\"elementor-container elementor-column-gap-default\">\n\t\t\t\t\t<div class=\"elementor-column elementor-col-100 elementor-top-column elementor-element elementor-element-1506d37\" data-id=\"1506d37\" data-element_type=\"column\">\n\t\t\t<div class=\"elementor-widget-wrap elementor-element-populated\">\n\t\t\t\t\t\t<div class=\"elementor-element elementor-element-144651e elementor-widget elementor-widget-text-editor\" data-id=\"144651e\" data-element_type=\"widget\" data-widget_type=\"text-editor.default\">\n\t\t\t\t<div class=\"elementor-widget-container\">\n\t\t\t\t\t\t\t\t\t<p>O <strong>ado\u00e7ante stevia em p\u00f3 <\/strong>\u00e9 um dos tipos de ado\u00e7antes mais comuns encontrados no mercado. Algumas empresas, como a Color Andina Foods, utilizam a planta <em>Stevia Rebaudiana Bertoni<\/em>, que tem a raiz perene, fibrosa e filiforme e \u00e9 origin\u00e1ria da Am\u00e9rica do Sul, para o ado\u00e7ante natural, uma vez que ela consegue ser 300 vezes mais doce que o a\u00e7\u00facar.<\/p><p>A nossa premissa \u00e9 deixar o alimento o mais natural poss\u00edvel. Por isso, a nossa Stevia tamb\u00e9m <a href=\"https:\/\/www.instagram.com\/p\/CZScwfYMd25\/\" target=\"_blank\" rel=\"noopener\"><strong>apresenta uma colora\u00e7\u00e3o diferente das encontradas no mercado<\/strong><\/a>, j\u00e1 que n\u00e3o utilizamos nada para modificar a colora\u00e7\u00e3o natural do <strong>ado\u00e7ante stevia em p\u00f3<\/strong>.<\/p><p>Por\u00e9m, isso n\u00e3o significa que \u00e9 interessante manter aquele gostinho amargo, uma vez que ele atrapalha a aprecia\u00e7\u00e3o da comida. De fato, existem alguns sucos ou shakes que possuem um gosto bem forte que acabam mascarando o retrogosto do <strong>ado\u00e7ante stevia em p\u00f3<\/strong> dos mercados. O que faz com que as pessoas achem que precisam aprender como tomar ou com o que tomar o <strong>ado\u00e7ante stevia em p\u00f3.<\/strong><\/p><p>Mas aqui na Color Andina sabemos que a responsabilidade por vender um bom <strong>ado\u00e7ante stevia em p\u00f3<\/strong> \u00e9 nossa, n\u00e3o do consumidor de faz\u00ea-lo funcionar. Os nossos parceiros ind\u00edgenas da etnia Qu\u00e9chua utilizam um m\u00e9todo ancestral para a retirada do retrogosto de forma 100% natural. Garantindo todos os benef\u00edcios do <strong>ado\u00e7ante stevia em p\u00f3 <\/strong>com a melhor experi\u00eancia poss\u00edvel.<\/p><p>Neste artigo, falaremos mais informa\u00e7\u00f5es sobre como \u00e9 a retirada desse retrogosto, se o <strong>ado\u00e7ante stevia em p\u00f3 <\/strong>faz mal, para que serve, pre\u00e7o e onde comprar. Garantimos que ao conhecer qual o verdadeiro sabor do <strong>ado\u00e7ante stevia em p\u00f3, <\/strong>sem o retrogosto, voc\u00ea n\u00e3o vai troc\u00e1-lo por nada.<\/p>\t\t\t\t\t\t\t\t<\/div>\n\t\t\t\t<\/div>\n\t\t\t\t<div class=\"elementor-element elementor-element-9b1d693 elementor-widget elementor-widget-image\" data-id=\"9b1d693\" data-element_type=\"widget\" data-widget_type=\"image.default\">\n\t\t\t\t<div class=\"elementor-widget-container\">\n\t\t\t\t\t\t\t\t\t\t\t\t\t\t\t\t<a href=\"https:\/\/www.colorandinafoods.com.br\/blog\/adocante-stevia\/?utm_source=SEO&#038;utm_medium=Artigo&#038;utm_campaign=Ado%C3%A7ante+stevia+em+p%C3%B3\" target=\"_blank\">\n\t\t\t\t\t\t\t<img fetchpriority=\"high\" decoding=\"async\" width=\"628\" height=\"218\" src=\"https:\/\/www.colorandinafoods.com.br\/blog\/wp-content\/uploads\/2022\/10\/andrew1601_colorandina_768x218px_bannerstevia.png\" class=\"attachment-large size-large wp-image-11847\" alt=\"\" srcset=\"https:\/\/www.colorandinafoods.com.br\/blog\/wp-content\/uploads\/2022\/10\/andrew1601_colorandina_768x218px_bannerstevia.png 628w, https:\/\/www.colorandinafoods.com.br\/blog\/wp-content\/uploads\/2022\/10\/andrew1601_colorandina_768x218px_bannerstevia-300x104.png 300w, https:\/\/www.colorandinafoods.com.br\/blog\/wp-content\/uploads\/2022\/10\/andrew1601_colorandina_768x218px_bannerstevia-500x174.png 500w, https:\/\/www.colorandinafoods.com.br\/blog\/wp-content\/uploads\/2022\/10\/andrew1601_colorandina_768x218px_bannerstevia-150x52.png 150w\" sizes=\"(max-width: 628px) 100vw, 628px\" \/>\t\t\t\t\t\t\t\t<\/a>\n\t\t\t\t\t\t\t\t\t\t\t\t\t\t\t<\/div>\n\t\t\t\t<\/div>\n\t\t\t\t\t<\/div>\n\t\t<\/div>\n\t\t\t\t\t<\/div>\n\t\t<\/section>\n\t\t\t\t<section class=\"elementor-section elementor-top-section elementor-element elementor-element-57941f7 elementor-section-boxed elementor-section-height-default elementor-section-height-default\" data-id=\"57941f7\" data-element_type=\"section\">\n\t\t\t\t\t\t<div class=\"elementor-container elementor-column-gap-default\">\n\t\t\t\t\t<div class=\"elementor-column elementor-col-100 elementor-top-column elementor-element elementor-element-057a835\" data-id=\"057a835\" data-element_type=\"column\">\n\t\t\t<div class=\"elementor-widget-wrap elementor-element-populated\">\n\t\t\t\t\t\t<div class=\"elementor-element elementor-element-f802835 elementor-widget elementor-widget-heading\" data-id=\"f802835\" data-element_type=\"widget\" data-widget_type=\"heading.default\">\n\t\t\t\t<div class=\"elementor-widget-container\">\n\t\t\t\t\t<h2 class=\"elementor-heading-title elementor-size-default\">\nPara que serve o ado\u00e7ante stevia em p\u00f3? Ele \u00e9 um bom substituto do a\u00e7\u00facar?<\/h2>\t\t\t\t<\/div>\n\t\t\t\t<\/div>\n\t\t\t\t\t<\/div>\n\t\t<\/div>\n\t\t\t\t\t<\/div>\n\t\t<\/section>\n\t\t\t\t<section class=\"elementor-section elementor-top-section elementor-element elementor-element-7072588 elementor-section-boxed elementor-section-height-default elementor-section-height-default\" data-id=\"7072588\" data-element_type=\"section\">\n\t\t\t\t\t\t<div class=\"elementor-container elementor-column-gap-default\">\n\t\t\t\t\t<div class=\"elementor-column elementor-col-100 elementor-top-column elementor-element elementor-element-544b51d\" data-id=\"544b51d\" data-element_type=\"column\">\n\t\t\t<div class=\"elementor-widget-wrap elementor-element-populated\">\n\t\t\t\t\t\t<div class=\"elementor-element elementor-element-fc7bb3b elementor-widget elementor-widget-image\" data-id=\"fc7bb3b\" data-element_type=\"widget\" data-widget_type=\"image.default\">\n\t\t\t\t<div class=\"elementor-widget-container\">\n\t\t\t\t\t\t\t\t\t\t\t\t\t\t\t<img decoding=\"async\" width=\"660\" height=\"825\" src=\"https:\/\/www.colorandinafoods.com.br\/blog\/wp-content\/uploads\/2022\/08\/IMG_5482-819x1024.jpg\" class=\"attachment-large size-large wp-image-9139\" alt=\"Ado\u00e7ante stevia em p\u00f3\" srcset=\"https:\/\/www.colorandinafoods.com.br\/blog\/wp-content\/uploads\/2022\/08\/IMG_5482-819x1024.jpg 819w, https:\/\/www.colorandinafoods.com.br\/blog\/wp-content\/uploads\/2022\/08\/IMG_5482-240x300.jpg 240w, https:\/\/www.colorandinafoods.com.br\/blog\/wp-content\/uploads\/2022\/08\/IMG_5482-768x960.jpg 768w, https:\/\/www.colorandinafoods.com.br\/blog\/wp-content\/uploads\/2022\/08\/IMG_5482-1229x1536.jpg 1229w, https:\/\/www.colorandinafoods.com.br\/blog\/wp-content\/uploads\/2022\/08\/IMG_5482-1639x2048.jpg 1639w, https:\/\/www.colorandinafoods.com.br\/blog\/wp-content\/uploads\/2022\/08\/IMG_5482-500x625.jpg 500w, https:\/\/www.colorandinafoods.com.br\/blog\/wp-content\/uploads\/2022\/08\/IMG_5482-scaled.jpg 2048w\" sizes=\"(max-width: 660px) 100vw, 660px\" \/>\t\t\t\t\t\t\t\t\t\t\t\t\t\t\t<\/div>\n\t\t\t\t<\/div>\n\t\t\t\t\t<\/div>\n\t\t<\/div>\n\t\t\t\t\t<\/div>\n\t\t<\/section>\n\t\t\t\t<section class=\"elementor-section elementor-top-section elementor-element elementor-element-c8d3155 elementor-section-boxed elementor-section-height-default elementor-section-height-default\" data-id=\"c8d3155\" data-element_type=\"section\">\n\t\t\t\t\t\t<div class=\"elementor-container elementor-column-gap-default\">\n\t\t\t\t\t<div class=\"elementor-column elementor-col-100 elementor-top-column elementor-element elementor-element-3815f4c\" data-id=\"3815f4c\" data-element_type=\"column\">\n\t\t\t<div class=\"elementor-widget-wrap elementor-element-populated\">\n\t\t\t\t\t\t<div class=\"elementor-element elementor-element-99a174d elementor-widget elementor-widget-text-editor\" data-id=\"99a174d\" data-element_type=\"widget\" data-widget_type=\"text-editor.default\">\n\t\t\t\t<div class=\"elementor-widget-container\">\n\t\t\t\t\t\t\t\t\t<p>O <strong>ado\u00e7ante stevia em p\u00f3<\/strong> \u00e9 uma \u00f3tima op\u00e7\u00e3o natural para quem quer ou precisa, por algum motivo, substituir o a\u00e7\u00facar em sua alimenta\u00e7\u00e3o, mas n\u00e3o quer deixar de sentir o gosto doce.<\/p><p>Ele pode ser usado em sucos, shakes e para ado\u00e7ar receitas frias e quentes, como bolos e muito mais. Caso voc\u00ea fa\u00e7a alguma receita que precise ir ao forno, lembre-se que o <strong>ado\u00e7ante stevia em p\u00f3<\/strong> pode ser aquecido at\u00e9 200 \u00baC. No geral, o limite do uso do <strong>ado\u00e7ante stevia em p\u00f3<\/strong> \u00e9 a sua criatividade.<\/p><p>Inclusive, quando voc\u00ea comprar o <strong>ado\u00e7ante stevia em p\u00f3<\/strong> da Color Andina ver\u00e1 que h\u00e1 uma mini-p\u00e1 acompanhada do produto. A princ\u00edpio, muitas pessoas t\u00eam d\u00favidas para que serve, mas ela \u00e9 uma forma de medir a quantidade do <strong>ado\u00e7ante stevia em p\u00f3 <\/strong>que ser\u00e1 usado.<\/p><p>Uma mini-p\u00e1 do <strong>ado\u00e7ante stevia em p\u00f3<\/strong> \u00e9 o equivalente a uma colher de sopa. Caso voc\u00ea veja alguma receita que mande colocar x\u00edcaras de a\u00e7\u00facar, tenha em mente que uma x\u00edcara de a\u00e7\u00facar \u00e9 o mesmo que 16 mini-p\u00e1s do <strong>ado\u00e7ante stevia em p\u00f3<\/strong>.<\/p><p>Al\u00e9m de todos estes benef\u00edcios, a Stevia da Color \u00e9 o melhor custo-benef\u00edcio do mercado. O pote de 20g ado\u00e7a 400 caf\u00e9s e o de 40g ado\u00e7a 800 caf\u00e9s. N\u00e3o existe outro ado\u00e7ante com este mesmo rendimento.<\/p><p>Com essa explica\u00e7\u00e3o, com certeza voc\u00ea n\u00e3o errar\u00e1 na dosagem do <strong>ado\u00e7ante stevia em p\u00f3<\/strong> na hora de preparar qualquer prato.<\/p>\t\t\t\t\t\t\t\t<\/div>\n\t\t\t\t<\/div>\n\t\t\t\t<div class=\"elementor-element elementor-element-21a05a6 elementor-widget elementor-widget-image\" data-id=\"21a05a6\" data-element_type=\"widget\" data-widget_type=\"image.default\">\n\t\t\t\t<div class=\"elementor-widget-container\">\n\t\t\t\t\t\t\t\t\t\t\t\t\t\t\t\t<a href=\"https:\/\/www.colorandinafoods.com.br\/blog\/produto\/adocante-stevia-20g-color-andina-100-natural-zero-acucares\/?utm_source=SEO&#038;utm_medium=Artigo&#038;utm_campaign=Ado\u00e7ante+Stevia+Po\" target=\"_blank\">\n\t\t\t\t\t\t\t<img decoding=\"async\" width=\"660\" height=\"188\" src=\"https:\/\/www.colorandinafoods.com.br\/blog\/wp-content\/uploads\/2022\/07\/renan0310_colorandina_1920x650px_cta_artigo-1-1024x291.png\" class=\"attachment-large size-large wp-image-9035\" alt=\"ado\u00e7ante stevia em p\u00f3\" srcset=\"https:\/\/www.colorandinafoods.com.br\/blog\/wp-content\/uploads\/2022\/07\/renan0310_colorandina_1920x650px_cta_artigo-1-1024x291.png 1024w, https:\/\/www.colorandinafoods.com.br\/blog\/wp-content\/uploads\/2022\/07\/renan0310_colorandina_1920x650px_cta_artigo-1-300x85.png 300w, https:\/\/www.colorandinafoods.com.br\/blog\/wp-content\/uploads\/2022\/07\/renan0310_colorandina_1920x650px_cta_artigo-1-768x218.png 768w, https:\/\/www.colorandinafoods.com.br\/blog\/wp-content\/uploads\/2022\/07\/renan0310_colorandina_1920x650px_cta_artigo-1-1536x437.png 1536w, https:\/\/www.colorandinafoods.com.br\/blog\/wp-content\/uploads\/2022\/07\/renan0310_colorandina_1920x650px_cta_artigo-1-500x142.png 500w, https:\/\/www.colorandinafoods.com.br\/blog\/wp-content\/uploads\/2022\/07\/renan0310_colorandina_1920x650px_cta_artigo-1.png 1900w\" sizes=\"(max-width: 660px) 100vw, 660px\" \/>\t\t\t\t\t\t\t\t<\/a>\n\t\t\t\t\t\t\t\t\t\t\t\t\t\t\t<\/div>\n\t\t\t\t<\/div>\n\t\t\t\t\t<\/div>\n\t\t<\/div>\n\t\t\t\t\t<\/div>\n\t\t<\/section>\n\t\t\t\t<section class=\"elementor-section elementor-top-section elementor-element elementor-element-963f40b elementor-section-boxed elementor-section-height-default elementor-section-height-default\" data-id=\"963f40b\" data-element_type=\"section\">\n\t\t\t\t\t\t<div class=\"elementor-container elementor-column-gap-default\">\n\t\t\t\t\t<div class=\"elementor-column elementor-col-100 elementor-top-column elementor-element elementor-element-290613f\" data-id=\"290613f\" data-element_type=\"column\">\n\t\t\t<div class=\"elementor-widget-wrap elementor-element-populated\">\n\t\t\t\t\t\t<div class=\"elementor-element elementor-element-3660871 elementor-widget elementor-widget-heading\" data-id=\"3660871\" data-element_type=\"widget\" data-widget_type=\"heading.default\">\n\t\t\t\t<div class=\"elementor-widget-container\">\n\t\t\t\t\t<h2 class=\"elementor-heading-title elementor-size-default\">Como tomar e com o que tomar o ado\u00e7ante stevia em p\u00f3?<\/h2>\t\t\t\t<\/div>\n\t\t\t\t<\/div>\n\t\t\t\t\t<\/div>\n\t\t<\/div>\n\t\t\t\t\t<\/div>\n\t\t<\/section>\n\t\t\t\t<section class=\"elementor-section elementor-top-section elementor-element elementor-element-16cf605 elementor-section-boxed elementor-section-height-default elementor-section-height-default\" data-id=\"16cf605\" data-element_type=\"section\">\n\t\t\t\t\t\t<div class=\"elementor-container elementor-column-gap-default\">\n\t\t\t\t\t<div class=\"elementor-column elementor-col-100 elementor-top-column elementor-element elementor-element-be9c7b4\" data-id=\"be9c7b4\" data-element_type=\"column\">\n\t\t\t<div class=\"elementor-widget-wrap elementor-element-populated\">\n\t\t\t\t\t\t<div class=\"elementor-element elementor-element-6a12698 elementor-widget elementor-widget-text-editor\" data-id=\"6a12698\" data-element_type=\"widget\" data-widget_type=\"text-editor.default\">\n\t\t\t\t<div class=\"elementor-widget-container\">\n\t\t\t\t\t\t\t\t\t<p>Para n\u00f3s, a quest\u00e3o nunca ser\u00e1 com o que tomar ou como tomar o <strong>ado\u00e7ante stevia em p\u00f3<\/strong>, pois quem decide a melhor forma de consumir o produto \u00e9 quem vai us\u00e1-lo.<\/p><p>Mas al\u00e9m de us\u00e1-lo em casa, \u00e9 poss\u00edvel usar o produto em receitas para vender. O que \u00e9 \u00f3timo, pois nem todas as pessoas podem consumir o a\u00e7\u00facar. A Federa\u00e7\u00e3o Internacional de Diabetes (IFD) revelou que, em 2021, <a href=\"https:\/\/www.cnnbrasil.com.br\/saude\/diabetes-aumentou-16-na-populacao-mundial-nos-ultimos-dois-anos\/#:~:text=Dados%20da%20Federa%C3%A7%C3%A3o%20Internacional%20de,cerca%20de%207%25%20da%20popula%C3%A7%C3%A3o.\" target=\"_blank\" rel=\"noopener\"><strong>haviam cerca de 16,8 milh\u00f5es de pessoas com a doen\u00e7a no<\/strong><\/a> Brasil.<\/p><p>Apesar desse n\u00famero representar aproximadamente 7% da popula\u00e7\u00e3o, isso n\u00e3o significa que o brasileiro n\u00e3o esteja atento aos seus h\u00e1bitos alimentares. Um <strong><a href=\"https:\/\/agenciabrasil.ebc.com.br\/saude\/noticia\/2018-05\/pesquisa-mostra-que-80-dos-brasileiros-buscam-alimentacao-saudavel\" target=\"_blank\" rel=\"noopener\">levantamento<\/a><\/strong> de 2017 da Federa\u00e7\u00e3o das Ind\u00fastrias do Estado de S\u00e3o Paulo (Fiesp), feito com tr\u00eas mil pessoas acima dos 16 anos, revela que 80% da popula\u00e7\u00e3o busca uma alimenta\u00e7\u00e3o mais saud\u00e1vel.<\/p><p>Quando voc\u00ea opta por usar o <strong>ado\u00e7ante stevia em p\u00f3<\/strong> da Color Andina, voc\u00ea contribui para a melhora dos h\u00e1bitos alimentares de seus clientes, pois eles percebem que n\u00e3o precisam consumir tanto a\u00e7\u00facar para comer o que eles gostam tanto.<\/p>\t\t\t\t\t\t\t\t<\/div>\n\t\t\t\t<\/div>\n\t\t\t\t\t<\/div>\n\t\t<\/div>\n\t\t\t\t\t<\/div>\n\t\t<\/section>\n\t\t\t\t<section class=\"elementor-section elementor-top-section elementor-element elementor-element-49f260e elementor-section-boxed elementor-section-height-default elementor-section-height-default\" data-id=\"49f260e\" data-element_type=\"section\">\n\t\t\t\t\t\t<div class=\"elementor-container elementor-column-gap-default\">\n\t\t\t\t\t<div class=\"elementor-column elementor-col-100 elementor-top-column elementor-element elementor-element-eb5ad1e\" data-id=\"eb5ad1e\" data-element_type=\"column\">\n\t\t\t<div class=\"elementor-widget-wrap elementor-element-populated\">\n\t\t\t\t\t\t<div class=\"elementor-element elementor-element-c37608c elementor-widget elementor-widget-heading\" data-id=\"c37608c\" data-element_type=\"widget\" data-widget_type=\"heading.default\">\n\t\t\t\t<div class=\"elementor-widget-container\">\n\t\t\t\t\t<h2 class=\"elementor-heading-title elementor-size-default\">Para que serve o processo de decanta\u00e7\u00e3o que os ind\u00edgenas utilizam no ado\u00e7ante stevia em p\u00f3?<\/h2>\t\t\t\t<\/div>\n\t\t\t\t<\/div>\n\t\t\t\t\t<\/div>\n\t\t<\/div>\n\t\t\t\t\t<\/div>\n\t\t<\/section>\n\t\t\t\t<section class=\"elementor-section elementor-top-section elementor-element elementor-element-2c0391c elementor-section-boxed elementor-section-height-default elementor-section-height-default\" data-id=\"2c0391c\" data-element_type=\"section\">\n\t\t\t\t\t\t<div class=\"elementor-container elementor-column-gap-default\">\n\t\t\t\t\t<div class=\"elementor-column elementor-col-100 elementor-top-column elementor-element elementor-element-57371ee\" data-id=\"57371ee\" data-element_type=\"column\">\n\t\t\t<div class=\"elementor-widget-wrap elementor-element-populated\">\n\t\t\t\t\t\t<div class=\"elementor-element elementor-element-ee6d992 elementor-widget elementor-widget-image\" data-id=\"ee6d992\" data-element_type=\"widget\" data-widget_type=\"image.default\">\n\t\t\t\t<div class=\"elementor-widget-container\">\n\t\t\t\t\t\t\t\t\t\t\t\t\t\t\t<img loading=\"lazy\" decoding=\"async\" width=\"660\" height=\"825\" src=\"https:\/\/www.colorandinafoods.com.br\/blog\/wp-content\/uploads\/2022\/08\/IMG_5622-819x1024.jpg\" class=\"attachment-large size-large wp-image-9140\" alt=\"Stevia em p\u00f3 em sach\u00ea\" srcset=\"https:\/\/www.colorandinafoods.com.br\/blog\/wp-content\/uploads\/2022\/08\/IMG_5622-819x1024.jpg 819w, https:\/\/www.colorandinafoods.com.br\/blog\/wp-content\/uploads\/2022\/08\/IMG_5622-240x300.jpg 240w, https:\/\/www.colorandinafoods.com.br\/blog\/wp-content\/uploads\/2022\/08\/IMG_5622-768x960.jpg 768w, https:\/\/www.colorandinafoods.com.br\/blog\/wp-content\/uploads\/2022\/08\/IMG_5622-1229x1536.jpg 1229w, https:\/\/www.colorandinafoods.com.br\/blog\/wp-content\/uploads\/2022\/08\/IMG_5622-1638x2048.jpg 1638w, https:\/\/www.colorandinafoods.com.br\/blog\/wp-content\/uploads\/2022\/08\/IMG_5622-500x625.jpg 500w, https:\/\/www.colorandinafoods.com.br\/blog\/wp-content\/uploads\/2022\/08\/IMG_5622-scaled.jpg 2048w\" sizes=\"(max-width: 660px) 100vw, 660px\" \/>\t\t\t\t\t\t\t\t\t\t\t\t\t\t\t<\/div>\n\t\t\t\t<\/div>\n\t\t\t\t\t<\/div>\n\t\t<\/div>\n\t\t\t\t\t<\/div>\n\t\t<\/section>\n\t\t\t\t<section class=\"elementor-section elementor-top-section elementor-element elementor-element-85a12b4 elementor-section-boxed elementor-section-height-default elementor-section-height-default\" data-id=\"85a12b4\" data-element_type=\"section\">\n\t\t\t\t\t\t<div class=\"elementor-container elementor-column-gap-default\">\n\t\t\t\t\t<div class=\"elementor-column elementor-col-100 elementor-top-column elementor-element elementor-element-ac83b4e\" data-id=\"ac83b4e\" data-element_type=\"column\">\n\t\t\t<div class=\"elementor-widget-wrap elementor-element-populated\">\n\t\t\t\t\t\t<div class=\"elementor-element elementor-element-97c3ff7 elementor-widget elementor-widget-text-editor\" data-id=\"97c3ff7\" data-element_type=\"widget\" data-widget_type=\"text-editor.default\">\n\t\t\t\t<div class=\"elementor-widget-container\">\n\t\t\t\t\t\t\t\t\t<p class=\"MsoNormal\">O<b> ado\u00e7ante stevia em p\u00f3 <\/b>\u00e9 um ado\u00e7ante 100% natural, de \u00f3timo custo-benef\u00edcio e com \u00edndice glic\u00eamico extremamente baixo, o que o torna uma excelente <strong><a href=\"https:\/\/vogue.globo.com\/beleza\/fitness-e-dieta\/noticia\/2017\/04\/xilitol-estevia-sucralose-agave-e-mais-diferencas-dos-tipos-de-adocante.html\" target=\"_blank\" rel=\"noopener\">alternativa ao a\u00e7\u00facar refinado<\/a> <\/strong>para pessoas com diabetes.<\/p><p class=\"MsoNormal\">Sem falar que o <b>ado\u00e7ante stevia em p\u00f3<\/b> da Color possui o melhor custo-benef\u00edcio do mercado, pois um pote de 20g ado\u00e7a 400 caf\u00e9s! Isso \u00e9 o que chamamos de rendimento.<\/p><p class=\"MsoNormal\">Por\u00e9m, o gostinho amargo dos <b>ado\u00e7antes stevia em p\u00f3 <\/b>de mercado gera um certo receio nas pessoas na hora de consumir outras marcas, mesmo que a promessa seja de maior qualidade.<\/p><p class=\"MsoNormal\">Os ind\u00edgenas da etnia Qu\u00e9chua, parceiros important\u00edssimos da Color Andina, s\u00e3o os respons\u00e1veis pela produ\u00e7\u00e3o do melhor <b>ado\u00e7ante stevia em p\u00f3 <\/b>que voc\u00ea vai provar, que n\u00e3o tem retrogosto.<\/p><p class=\"MsoNormal\">O gostinho amargo dos <b>ado\u00e7antes stevia em p\u00f3<\/b> de mercado existe por causa da <strong><a href=\"https:\/\/www.ecycle.com.br\/clorofila\/\" target=\"_blank\" rel=\"noopener\">clorofila<\/a> <\/strong>presente na planta. Gra\u00e7as ao conhecimento ancestral, os ind\u00edgenas conseguem fazer a retirada dessa subst\u00e2ncia de forma 100% natural.<\/p><p class=\"MsoNormal\">Primeiro, os ind\u00edgenas colocam a folha de stevia no ch\u00e3o para secar a c\u00e9u aberto, o que ocasiona uma desidrata\u00e7\u00e3o natural da planta. Em seguida, ela ser\u00e1 triturada no pil\u00e3o, para depois ser banhada em um recipiente de barro pela \u00e1gua altamente mineralizada da regi\u00e3o.<\/p><p class=\"MsoNormal\">No fundo do recipiente temos as folhas de stevia bem pequenininhas (que ser\u00e1 o nosso <b>ado\u00e7ante stevia em p\u00f3<\/b>) e em cima a \u00e1gua mineralizada com as subst\u00e2ncias que causam o amargor da folha. Agora, essa \u00e1gua pode ser descartada, sobrando apenas o <b>ado\u00e7ante stevia em p\u00f3, <\/b>livre de amargor.<\/p>\t\t\t\t\t\t\t\t<\/div>\n\t\t\t\t<\/div>\n\t\t\t\t<div class=\"elementor-element elementor-element-d62f7d7 elementor-widget elementor-widget-image\" data-id=\"d62f7d7\" data-element_type=\"widget\" data-widget_type=\"image.default\">\n\t\t\t\t<div class=\"elementor-widget-container\">\n\t\t\t\t\t\t\t\t\t\t\t\t\t\t\t\t<a href=\"https:\/\/www.colorandinafoods.com.br\/blog\/categoria-produto\/adocante-stevia\/stevia-color-sache\/?utm_source=SEO&#038;utm_medium=Artigo&#038;utm_campaign=Ado%C3%A7ante+Stevia+em+p%C3%B3\">\n\t\t\t\t\t\t\t<img loading=\"lazy\" decoding=\"async\" width=\"660\" height=\"188\" src=\"https:\/\/www.colorandinafoods.com.br\/blog\/wp-content\/uploads\/2022\/08\/renan0310_colorandina_1920x650px_cta_artigo-3-1024x291.png\" class=\"attachment-large size-large wp-image-9028\" alt=\"\" srcset=\"https:\/\/www.colorandinafoods.com.br\/blog\/wp-content\/uploads\/2022\/08\/renan0310_colorandina_1920x650px_cta_artigo-3-1024x291.png 1024w, https:\/\/www.colorandinafoods.com.br\/blog\/wp-content\/uploads\/2022\/08\/renan0310_colorandina_1920x650px_cta_artigo-3-300x85.png 300w, https:\/\/www.colorandinafoods.com.br\/blog\/wp-content\/uploads\/2022\/08\/renan0310_colorandina_1920x650px_cta_artigo-3-768x218.png 768w, https:\/\/www.colorandinafoods.com.br\/blog\/wp-content\/uploads\/2022\/08\/renan0310_colorandina_1920x650px_cta_artigo-3-1536x437.png 1536w, https:\/\/www.colorandinafoods.com.br\/blog\/wp-content\/uploads\/2022\/08\/renan0310_colorandina_1920x650px_cta_artigo-3-500x142.png 500w, https:\/\/www.colorandinafoods.com.br\/blog\/wp-content\/uploads\/2022\/08\/renan0310_colorandina_1920x650px_cta_artigo-3.png 1900w\" sizes=\"(max-width: 660px) 100vw, 660px\" \/>\t\t\t\t\t\t\t\t<\/a>\n\t\t\t\t\t\t\t\t\t\t\t\t\t\t\t<\/div>\n\t\t\t\t<\/div>\n\t\t\t\t<div class=\"elementor-element elementor-element-f9259cc elementor-widget elementor-widget-text-editor\" data-id=\"f9259cc\" data-element_type=\"widget\" data-widget_type=\"text-editor.default\">\n\t\t\t\t<div class=\"elementor-widget-container\">\n\t\t\t\t\t\t\t\t\t<p>O <strong>ado\u00e7ante stevia em p\u00f3<\/strong> \u00e9 uma \u00f3tima op\u00e7\u00e3o para diab\u00e9ticos, n\u00e3o faz mal e n\u00e3o tem nenhuma contraindica\u00e7\u00e3o, uma vez que ele 100% natural e possui poucas calorias. Ou seja, quem quiser substituir o a\u00e7\u00facar pelo <strong>ado\u00e7ante stevia em p\u00f3 <\/strong>pode fazer isso sem medo de ser feliz.<\/p>\t\t\t\t\t\t\t\t<\/div>\n\t\t\t\t<\/div>\n\t\t\t\t\t<\/div>\n\t\t<\/div>\n\t\t\t\t\t<\/div>\n\t\t<\/section>\n\t\t\t\t<section class=\"elementor-section elementor-top-section elementor-element elementor-element-f280a09 elementor-section-boxed elementor-section-height-default elementor-section-height-default\" data-id=\"f280a09\" data-element_type=\"section\">\n\t\t\t\t\t\t<div class=\"elementor-container elementor-column-gap-default\">\n\t\t\t\t\t<div class=\"elementor-column elementor-col-100 elementor-top-column elementor-element elementor-element-0a124da\" data-id=\"0a124da\" data-element_type=\"column\">\n\t\t\t<div class=\"elementor-widget-wrap elementor-element-populated\">\n\t\t\t\t\t\t<div class=\"elementor-element elementor-element-b238449 elementor-widget elementor-widget-heading\" data-id=\"b238449\" data-element_type=\"widget\" data-widget_type=\"heading.default\">\n\t\t\t\t<div class=\"elementor-widget-container\">\n\t\t\t\t\t<h2 class=\"elementor-heading-title elementor-size-default\">Esse processo faz mal para quem consumir o ado\u00e7ante stevia em p\u00f3?<\/h2>\t\t\t\t<\/div>\n\t\t\t\t<\/div>\n\t\t\t\t\t<\/div>\n\t\t<\/div>\n\t\t\t\t\t<\/div>\n\t\t<\/section>\n\t\t\t\t<section class=\"elementor-section elementor-top-section elementor-element elementor-element-36d7211 elementor-section-boxed elementor-section-height-default elementor-section-height-default\" data-id=\"36d7211\" data-element_type=\"section\">\n\t\t\t\t\t\t<div class=\"elementor-container elementor-column-gap-default\">\n\t\t\t\t\t<div class=\"elementor-column elementor-col-100 elementor-top-column elementor-element elementor-element-4d2934e\" data-id=\"4d2934e\" data-element_type=\"column\">\n\t\t\t<div class=\"elementor-widget-wrap elementor-element-populated\">\n\t\t\t\t\t\t<div class=\"elementor-element elementor-element-7101781 elementor-widget elementor-widget-text-editor\" data-id=\"7101781\" data-element_type=\"widget\" data-widget_type=\"text-editor.default\">\n\t\t\t\t<div class=\"elementor-widget-container\">\n\t\t\t\t\t\t\t\t\t<p class=\"MsoNormal\">Os ind\u00edgenas da etnia Qu\u00e9chua vivem na Cordilheira dos Andes, uma regi\u00e3o rica em cadeia de montanhas que se estende pela costa ocidental da Am\u00e9rica do Sul e que possui uma \u00e1gua muito diferente da que estamos acostumados no Brasil.<\/p><p class=\"MsoNormal\">Essa \u00e1gua \u00e9 rica em diversos min\u00e9rios por causa dos vulc\u00f5es da regi\u00e3o, mas est\u00e1 longe de ser contaminada. Como ela \u00e9 descartada, o <b>ado\u00e7ante stevia em p\u00f3 <\/b>n\u00e3o possui resqu\u00edcios dessa \u00e1gua em sua composi\u00e7\u00e3o.<\/p><p class=\"MsoNormal\">Al\u00e9m disso, o <b>ado\u00e7ante stevia em p\u00f3 <\/b>passa por testes rigorosos de qualidade, o que nos garante a certeza de que n\u00e3o h\u00e1 perigo em consumir o produto.<\/p><p class=\"MsoNormal\">Inclusive, a Anvisa orienta as marcas de ado\u00e7antes a colocarem um aviso na caixa para lembrar as pessoas de consumirem o <b>ado\u00e7ante stevia em p\u00f3<\/b> sob orienta\u00e7\u00e3o de m\u00e9dicos ou nutricionistas.<b><\/b><\/p>\t\t\t\t\t\t\t\t<\/div>\n\t\t\t\t<\/div>\n\t\t\t\t\t<\/div>\n\t\t<\/div>\n\t\t\t\t\t<\/div>\n\t\t<\/section>\n\t\t\t\t<section class=\"elementor-section elementor-top-section elementor-element elementor-element-d0fd03a elementor-section-boxed elementor-section-height-default elementor-section-height-default\" data-id=\"d0fd03a\" data-element_type=\"section\">\n\t\t\t\t\t\t<div class=\"elementor-container elementor-column-gap-default\">\n\t\t\t\t\t<div class=\"elementor-column elementor-col-100 elementor-top-column elementor-element elementor-element-19abef7\" data-id=\"19abef7\" data-element_type=\"column\">\n\t\t\t<div class=\"elementor-widget-wrap elementor-element-populated\">\n\t\t\t\t\t\t<div class=\"elementor-element elementor-element-d22c48a elementor-widget elementor-widget-heading\" data-id=\"d22c48a\" data-element_type=\"widget\" data-widget_type=\"heading.default\">\n\t\t\t\t<div class=\"elementor-widget-container\">\n\t\t\t\t\t<h2 class=\"elementor-heading-title elementor-size-default\">Qual o verdadeiro sabor do ado\u00e7ante stevia em p\u00f3\n<\/h2>\t\t\t\t<\/div>\n\t\t\t\t<\/div>\n\t\t\t\t\t<\/div>\n\t\t<\/div>\n\t\t\t\t\t<\/div>\n\t\t<\/section>\n\t\t\t\t<section class=\"elementor-section elementor-top-section elementor-element elementor-element-908d9c4 elementor-section-boxed elementor-section-height-default elementor-section-height-default\" data-id=\"908d9c4\" data-element_type=\"section\">\n\t\t\t\t\t\t<div class=\"elementor-container elementor-column-gap-default\">\n\t\t\t\t\t<div class=\"elementor-column elementor-col-100 elementor-top-column elementor-element elementor-element-a7f640a\" data-id=\"a7f640a\" data-element_type=\"column\">\n\t\t\t<div class=\"elementor-widget-wrap elementor-element-populated\">\n\t\t\t\t\t\t<div class=\"elementor-element elementor-element-c6ddb9e elementor-widget elementor-widget-image\" data-id=\"c6ddb9e\" data-element_type=\"widget\" data-widget_type=\"image.default\">\n\t\t\t\t<div class=\"elementor-widget-container\">\n\t\t\t\t\t\t\t\t\t\t\t\t\t\t\t<img loading=\"lazy\" decoding=\"async\" width=\"660\" height=\"660\" src=\"https:\/\/www.colorandinafoods.com.br\/blog\/wp-content\/uploads\/2022\/08\/20220623_113551-1024x1024.jpg\" class=\"attachment-large size-large wp-image-9141\" alt=\"stevia em p\u00f3 color andina\" srcset=\"https:\/\/www.colorandinafoods.com.br\/blog\/wp-content\/uploads\/2022\/08\/20220623_113551-1024x1024.jpg 1024w, https:\/\/www.colorandinafoods.com.br\/blog\/wp-content\/uploads\/2022\/08\/20220623_113551-300x300.jpg 300w, https:\/\/www.colorandinafoods.com.br\/blog\/wp-content\/uploads\/2022\/08\/20220623_113551-150x150.jpg 150w, https:\/\/www.colorandinafoods.com.br\/blog\/wp-content\/uploads\/2022\/08\/20220623_113551-768x768.jpg 768w, https:\/\/www.colorandinafoods.com.br\/blog\/wp-content\/uploads\/2022\/08\/20220623_113551-1536x1536.jpg 1536w, https:\/\/www.colorandinafoods.com.br\/blog\/wp-content\/uploads\/2022\/08\/20220623_113551-2048x2048.jpg 2048w, https:\/\/www.colorandinafoods.com.br\/blog\/wp-content\/uploads\/2022\/08\/20220623_113551-70x70.jpg 70w, https:\/\/www.colorandinafoods.com.br\/blog\/wp-content\/uploads\/2022\/08\/20220623_113551-500x500.jpg 500w, https:\/\/www.colorandinafoods.com.br\/blog\/wp-content\/uploads\/2022\/08\/20220623_113551-100x100.jpg 100w\" sizes=\"(max-width: 660px) 100vw, 660px\" \/>\t\t\t\t\t\t\t\t\t\t\t\t\t\t\t<\/div>\n\t\t\t\t<\/div>\n\t\t\t\t\t<\/div>\n\t\t<\/div>\n\t\t\t\t\t<\/div>\n\t\t<\/section>\n\t\t\t\t<section class=\"elementor-section elementor-top-section elementor-element elementor-element-46db5be elementor-section-boxed elementor-section-height-default elementor-section-height-default\" data-id=\"46db5be\" data-element_type=\"section\">\n\t\t\t\t\t\t<div class=\"elementor-container elementor-column-gap-default\">\n\t\t\t\t\t<div class=\"elementor-column elementor-col-100 elementor-top-column elementor-element elementor-element-7ef3b6f\" data-id=\"7ef3b6f\" data-element_type=\"column\">\n\t\t\t<div class=\"elementor-widget-wrap elementor-element-populated\">\n\t\t\t\t\t\t<div class=\"elementor-element elementor-element-b5255b1 elementor-widget elementor-widget-text-editor\" data-id=\"b5255b1\" data-element_type=\"widget\" data-widget_type=\"text-editor.default\">\n\t\t\t\t<div class=\"elementor-widget-container\">\n\t\t\t\t\t\t\t\t\t<p>Para quem estava acostumado com as stevias de mercado, com certeza vai se surpreender com o verdadeiro sabor do <strong>ado\u00e7ante stevia em p\u00f3<\/strong> que s\u00f3 a Color Andina Foods consegue entregar.<\/p><p>Agora, suas receitas de bolos, mousses, trufas, chocolates e afins jamais ser\u00e3o estragadas com aquele amarguinho no final. O nosso <strong>ado\u00e7ante stevia em p\u00f3<\/strong> \u00e9 100% natural, respeita e preserva a ancestralidade ind\u00edgena e ainda faz voc\u00ea de fato apreciar o lado doce do <strong>ado\u00e7ante stevia em p\u00f3<\/strong>.<\/p><p>Depois de provar qual o verdadeiro sabor do <strong>ado\u00e7ante stevia em p\u00f3<\/strong>, com certeza voc\u00ea n\u00e3o vai troc\u00e1-lo por outro.<\/p>\t\t\t\t\t\t\t\t<\/div>\n\t\t\t\t<\/div>\n\t\t\t\t<div class=\"elementor-element elementor-element-fb06689 elementor-align-center elementor-widget elementor-widget-button\" data-id=\"fb06689\" data-element_type=\"widget\" data-widget_type=\"button.default\">\n\t\t\t\t<div class=\"elementor-widget-container\">\n\t\t\t\t\t\t\t\t\t<div class=\"elementor-button-wrapper\">\n\t\t\t\t\t<a class=\"elementor-button elementor-button-link elementor-size-lg\" href=\"#\">\n\t\t\t\t\t\t<span class=\"elementor-button-content-wrapper\">\n\t\t\t\t\t\t\t\t\t<span class=\"elementor-button-text\">Leia mais: bolo de chocolate com calda<\/span>\n\t\t\t\t\t<\/span>\n\t\t\t\t\t<\/a>\n\t\t\t\t<\/div>\n\t\t\t\t\t\t\t\t<\/div>\n\t\t\t\t<\/div>\n\t\t\t\t<div class=\"elementor-element elementor-element-c94b51b elementor-widget elementor-widget-image\" data-id=\"c94b51b\" data-element_type=\"widget\" data-widget_type=\"image.default\">\n\t\t\t\t<div class=\"elementor-widget-container\">\n\t\t\t\t\t\t\t\t\t\t\t\t\t\t\t\t<a href=\"https:\/\/www.colorandinafoods.com.br\/blog\/categoria-produto\/adocante-stevia\/stevia-color-culinario\/?utm_source=SEO&#038;utm_medium=Artigo&#038;utm_campaign=Ado%C3%A7ante+Stevia+em+p%C3%B3\">\n\t\t\t\t\t\t\t<img loading=\"lazy\" decoding=\"async\" width=\"660\" height=\"188\" src=\"https:\/\/www.colorandinafoods.com.br\/blog\/wp-content\/uploads\/2022\/08\/renan0310_colorandina_1920x650px_cta_artigo-2-1024x291.png\" class=\"attachment-large size-large wp-image-9022\" alt=\"ado\u00e7ante stevia em p\u00f3\" srcset=\"https:\/\/www.colorandinafoods.com.br\/blog\/wp-content\/uploads\/2022\/08\/renan0310_colorandina_1920x650px_cta_artigo-2-1024x291.png 1024w, https:\/\/www.colorandinafoods.com.br\/blog\/wp-content\/uploads\/2022\/08\/renan0310_colorandina_1920x650px_cta_artigo-2-300x85.png 300w, https:\/\/www.colorandinafoods.com.br\/blog\/wp-content\/uploads\/2022\/08\/renan0310_colorandina_1920x650px_cta_artigo-2-768x218.png 768w, https:\/\/www.colorandinafoods.com.br\/blog\/wp-content\/uploads\/2022\/08\/renan0310_colorandina_1920x650px_cta_artigo-2-1536x437.png 1536w, https:\/\/www.colorandinafoods.com.br\/blog\/wp-content\/uploads\/2022\/08\/renan0310_colorandina_1920x650px_cta_artigo-2-500x142.png 500w, https:\/\/www.colorandinafoods.com.br\/blog\/wp-content\/uploads\/2022\/08\/renan0310_colorandina_1920x650px_cta_artigo-2.png 1900w\" sizes=\"(max-width: 660px) 100vw, 660px\" \/>\t\t\t\t\t\t\t\t<\/a>\n\t\t\t\t\t\t\t\t\t\t\t\t\t\t\t<\/div>\n\t\t\t\t<\/div>\n\t\t\t\t\t<\/div>\n\t\t<\/div>\n\t\t\t\t\t<\/div>\n\t\t<\/section>\n\t\t\t\t<section class=\"elementor-section elementor-top-section elementor-element elementor-element-2662126 elementor-section-boxed elementor-section-height-default elementor-section-height-default\" data-id=\"2662126\" data-element_type=\"section\">\n\t\t\t\t\t\t<div class=\"elementor-container elementor-column-gap-default\">\n\t\t\t\t\t<div class=\"elementor-column elementor-col-100 elementor-top-column elementor-element elementor-element-1d02753\" data-id=\"1d02753\" data-element_type=\"column\">\n\t\t\t<div class=\"elementor-widget-wrap elementor-element-populated\">\n\t\t\t\t\t\t<div class=\"elementor-element elementor-element-2abbea2 elementor-widget elementor-widget-heading\" data-id=\"2abbea2\" data-element_type=\"widget\" data-widget_type=\"heading.default\">\n\t\t\t\t<div class=\"elementor-widget-container\">\n\t\t\t\t\t<h2 class=\"elementor-heading-title elementor-size-default\">Qual \u00e9 o pre\u00e7o e onde comprar o ado\u00e7ante stevia em p\u00f3 sem retrogosto da Color Andina?<\/h2>\t\t\t\t<\/div>\n\t\t\t\t<\/div>\n\t\t\t\t\t<\/div>\n\t\t<\/div>\n\t\t\t\t\t<\/div>\n\t\t<\/section>\n\t\t\t\t<section class=\"elementor-section elementor-top-section elementor-element elementor-element-8781a00 elementor-section-boxed elementor-section-height-default elementor-section-height-default\" data-id=\"8781a00\" data-element_type=\"section\">\n\t\t\t\t\t\t<div class=\"elementor-container elementor-column-gap-default\">\n\t\t\t\t\t<div class=\"elementor-column elementor-col-100 elementor-top-column elementor-element elementor-element-a762dd1\" data-id=\"a762dd1\" data-element_type=\"column\">\n\t\t\t<div class=\"elementor-widget-wrap elementor-element-populated\">\n\t\t\t\t\t\t<div class=\"elementor-element elementor-element-fb5e87b elementor-widget elementor-widget-text-editor\" data-id=\"fb5e87b\" data-element_type=\"widget\" data-widget_type=\"text-editor.default\">\n\t\t\t\t<div class=\"elementor-widget-container\">\n\t\t\t\t\t\t\t\t\t<p>Voc\u00ea encontrar\u00e1 o <strong>ado\u00e7ante stevia em p\u00f3<\/strong> sem retrogosto da Color Andina em lojas de produtos naturais pelo Brasil. Para a fabrica\u00e7\u00e3o do nosso <strong>ado\u00e7ante stevia em p\u00f3<\/strong> levamos em conta os seguintes crit\u00e9rios: onde comprar (visamos as op\u00e7\u00f5es mais pr\u00f3ximas para os nossos clientes), proced\u00eancia no processo de fabrica\u00e7\u00e3o, grau de pureza e redu\u00e7\u00e3o m\u00e1xima amargor.<\/p><p>O <strong>ado\u00e7ante stevia em p\u00f3<\/strong> da Color Andina \u00e9 tudo de bom. Suas principais caracter\u00edsticas incluem:<\/p><ul><li>100% natural<\/li><li>Diet\u00e9tico<\/li><li>Sem sabor residual amargo<\/li><li>Baixo \u00edndice glic\u00eamico<\/li><li>Zero a\u00e7\u00facares<\/li><li>Alto teor ado\u00e7ante<\/li><li>Est\u00e1vel em at\u00e9 200 \u00baC<\/li><\/ul><p>O <strong>ado\u00e7ante stevia em p\u00f3<\/strong> da Color Andina pode ser encontrado em embalagens de 20g ou 40g, sendo que essa \u00faltima op\u00e7\u00e3o, \u00e9 capaz de ado\u00e7ar at\u00e9 800 caf\u00e9s! Ou seja, temos a quantidade ideal para o seu consumo.<\/p><p>Consumindo o <strong>ado\u00e7ante stevia em p\u00f3<\/strong> e outros produtos da Color Andina voc\u00ea ajuda as fam\u00edlias tradicionais da Bol\u00edvia, que vivem na <strong><a href=\"https:\/\/pt.wikipedia.org\/wiki\/Andes\" target=\"_blank\" rel=\"noopener\">Cordilheira dos Andes<\/a><\/strong> (ela tamb\u00e9m se estende pelo Chile, Argentina, Peru, Equador, Col\u00f4mbia e Venezuela), a preservar a mem\u00f3ria de seus antepassados ao longo das gera\u00e7\u00f5es, algo extremamente importante para a exist\u00eancia dos povos ind\u00edgenas.<\/p><p>Para saber onde comprar no local mais pr\u00f3ximo de voc\u00ea e mais informa\u00e7\u00f5es sobre o <strong>ado\u00e7ante stevia em p\u00f3<\/strong>, voc\u00ea pode entrar em contato com a nossa equipe de vendas via <strong><a href=\"https:\/\/api.whatsapp.com\/send\/?phone=%2B5511930110400&amp;text&amp;app_absent=0\" target=\"_blank\" rel=\"noopener\">WhatsApp<\/a><\/strong>. Caso voc\u00ea j\u00e1 tenha o costume de comprar pela internet e queira saber o pre\u00e7o do produto direto do fabricante, voc\u00ea pode acessar a p\u00e1gina do <strong>ado\u00e7ante stevia em p\u00f3 <a href=\"https:\/\/www.colorandinafoods.com.br\/blog\/?s=ado%C3%A7ante+stevia&amp;post_type=product\" target=\"_blank\" rel=\"noopener\">em nosso site<\/a><\/strong>.<\/p>\t\t\t\t\t\t\t\t<\/div>\n\t\t\t\t<\/div>\n\t\t\t\t\t<\/div>\n\t\t<\/div>\n\t\t\t\t\t<\/div>\n\t\t<\/section>\n\t\t\t\t<\/div>\n\t\t","protected":false},"excerpt":{"rendered":"<p>O ado\u00e7ante stevia em p\u00f3 \u00e9 o substituto ideal do a\u00e7\u00facar. Neste artigo voc\u00ea saber\u00e1 como tomar sem sentir o retrogosto e onde comprar esse produto.<\/p>\n","protected":false},"author":1,"featured_media":9134,"comment_status":"open","ping_status":"open","sticky":false,"template":"","format":"standard","meta":{"footnotes":""},"categories":[8],"tags":[124,119,122,121],"class_list":["post-9168","post","type-post","status-publish","format-standard","has-post-thumbnail","hentry","category-stevia","tag-adocante-para-diabeticos","tag-color-andina-foods","tag-sem-gosto-residual","tag-stevia-em-po"],"yoast_head":"<!-- This site is optimized with the Yoast SEO plugin v24.2 - https:\/\/yoast.com\/wordpress\/plugins\/seo\/ -->\n<title>Ado\u00e7ante stevia em p\u00f3: para que serve com o que tomar para n\u00e3o ter retrogosto? - Color Andina Foods<\/title>\n<meta name=\"description\" content=\"O ado\u00e7ante stevia em p\u00f3 \u00e9 o substituto ideal do a\u00e7\u00facar. Neste artigo voc\u00ea saber\u00e1 como tomar sem sentir o retrogosto e onde comprar esse produto.\" \/>\n<meta name=\"robots\" content=\"index, follow, max-snippet:-1, max-image-preview:large, max-video-preview:-1\" \/>\n<link rel=\"canonical\" href=\"https:\/\/www.colorandinafoods.com.br\/blog\/adocante-stevia-em-po\/\" \/>\n<meta property=\"og:locale\" content=\"pt_BR\" \/>\n<meta property=\"og:type\" content=\"article\" \/>\n<meta property=\"og:title\" content=\"Ado\u00e7ante stevia em p\u00f3: para que serve com o que tomar para n\u00e3o ter retrogosto? - Color Andina Foods\" \/>\n<meta property=\"og:description\" content=\"O ado\u00e7ante stevia em p\u00f3 \u00e9 o substituto ideal do a\u00e7\u00facar. Neste artigo voc\u00ea saber\u00e1 como tomar sem sentir o retrogosto e onde comprar esse produto.\" \/>\n<meta property=\"og:url\" content=\"https:\/\/www.colorandinafoods.com.br\/blog\/adocante-stevia-em-po\/\" \/>\n<meta property=\"og:site_name\" content=\"Color Andina Foods\" \/>\n<meta property=\"article:published_time\" content=\"2022-10-20T15:37:48+00:00\" \/>\n<meta property=\"article:modified_time\" content=\"2026-06-23T14:31:42+00:00\" \/>\n<meta property=\"og:image\" content=\"https:\/\/blog.colorandinafoods.com.br\/wp-content\/uploads\/2022\/08\/IMG_6206-scaled.jpg\" \/>\n\t<meta property=\"og:image:width\" content=\"2047\" \/>\n\t<meta property=\"og:image:height\" content=\"2560\" \/>\n\t<meta property=\"og:image:type\" content=\"image\/jpeg\" \/>\n<meta name=\"author\" content=\"mmt_colorandina\" \/>\n<meta name=\"twitter:card\" content=\"summary_large_image\" \/>\n<meta name=\"twitter:label1\" content=\"Escrito por\" \/>\n\t<meta name=\"twitter:data1\" content=\"\" \/>\n\t<meta name=\"twitter:label2\" content=\"Est. tempo de leitura\" \/>\n\t<meta name=\"twitter:data2\" content=\"11 minutos\" \/>\n<script type=\"application\/ld+json\" class=\"yoast-schema-graph\">{\"@context\":\"https:\/\/schema.org\",\"@graph\":[{\"@type\":\"WebPage\",\"@id\":\"https:\/\/www.colorandinafoods.com.br\/blog\/adocante-stevia-em-po\/\",\"url\":\"https:\/\/www.colorandinafoods.com.br\/blog\/adocante-stevia-em-po\/\",\"name\":\"Ado\u00e7ante stevia em p\u00f3: para que serve com o que tomar para n\u00e3o ter retrogosto? - Color Andina Foods\",\"isPartOf\":{\"@id\":\"https:\/\/www.colorandinafoods.com.br\/blog\/#website\"},\"primaryImageOfPage\":{\"@id\":\"https:\/\/www.colorandinafoods.com.br\/blog\/adocante-stevia-em-po\/#primaryimage\"},\"image\":{\"@id\":\"https:\/\/www.colorandinafoods.com.br\/blog\/adocante-stevia-em-po\/#primaryimage\"},\"thumbnailUrl\":\"https:\/\/www.colorandinafoods.com.br\/blog\/wp-content\/uploads\/2022\/08\/IMG_6206-scaled.jpg\",\"datePublished\":\"2022-10-20T15:37:48+00:00\",\"dateModified\":\"2026-06-23T14:31:42+00:00\",\"author\":{\"@id\":\"https:\/\/www.colorandinafoods.com.br\/blog\/#\/schema\/person\/eb9c4d42a8281609c71790332e602096\"},\"description\":\"O ado\u00e7ante stevia em p\u00f3 \u00e9 o substituto ideal do a\u00e7\u00facar. Neste artigo voc\u00ea saber\u00e1 como tomar sem sentir o retrogosto e onde comprar esse produto.\",\"breadcrumb\":{\"@id\":\"https:\/\/www.colorandinafoods.com.br\/blog\/adocante-stevia-em-po\/#breadcrumb\"},\"inLanguage\":\"pt-BR\",\"potentialAction\":[{\"@type\":\"ReadAction\",\"target\":[\"https:\/\/www.colorandinafoods.com.br\/blog\/adocante-stevia-em-po\/\"]}]},{\"@type\":\"ImageObject\",\"inLanguage\":\"pt-BR\",\"@id\":\"https:\/\/www.colorandinafoods.com.br\/blog\/adocante-stevia-em-po\/#primaryimage\",\"url\":\"https:\/\/www.colorandinafoods.com.br\/blog\/wp-content\/uploads\/2022\/08\/IMG_6206-scaled.jpg\",\"contentUrl\":\"https:\/\/www.colorandinafoods.com.br\/blog\/wp-content\/uploads\/2022\/08\/IMG_6206-scaled.jpg\",\"width\":2047,\"height\":2560,\"caption\":\"ado\u00e7ante stevia em p\u00f3\"},{\"@type\":\"BreadcrumbList\",\"@id\":\"https:\/\/www.colorandinafoods.com.br\/blog\/adocante-stevia-em-po\/#breadcrumb\",\"itemListElement\":[{\"@type\":\"ListItem\",\"position\":1,\"name\":\"In\u00edcio\",\"item\":\"https:\/\/www.colorandinafoods.com.br\/blog\/\"},{\"@type\":\"ListItem\",\"position\":2,\"name\":\"Ado\u00e7ante stevia em p\u00f3: para que serve com o que tomar para n\u00e3o ter retrogosto?\"}]},{\"@type\":\"WebSite\",\"@id\":\"https:\/\/www.colorandinafoods.com.br\/blog\/#website\",\"url\":\"https:\/\/www.colorandinafoods.com.br\/blog\/\",\"name\":\"Color Andina Foods\",\"description\":\"Paix\u00e3o pelo natural!\",\"potentialAction\":[{\"@type\":\"SearchAction\",\"target\":{\"@type\":\"EntryPoint\",\"urlTemplate\":\"https:\/\/www.colorandinafoods.com.br\/blog\/?s={search_term_string}\"},\"query-input\":{\"@type\":\"PropertyValueSpecification\",\"valueRequired\":true,\"valueName\":\"search_term_string\"}}],\"inLanguage\":\"pt-BR\"},{\"@type\":\"Person\",\"@id\":\"https:\/\/www.colorandinafoods.com.br\/blog\/#\/schema\/person\/eb9c4d42a8281609c71790332e602096\",\"name\":\"mmt_colorandina\",\"image\":{\"@type\":\"ImageObject\",\"inLanguage\":\"pt-BR\",\"@id\":\"https:\/\/www.colorandinafoods.com.br\/blog\/#\/schema\/person\/image\/\",\"url\":\"https:\/\/secure.gravatar.com\/avatar\/48c0da65da83daabfa6def0522a5314e9183ec93c4fe58132e80af0182361cb0?s=96&d=mm&r=g\",\"contentUrl\":\"https:\/\/secure.gravatar.com\/avatar\/48c0da65da83daabfa6def0522a5314e9183ec93c4fe58132e80af0182361cb0?s=96&d=mm&r=g\",\"caption\":\"mmt_colorandina\"},\"sameAs\":[\"https:\/\/www.colorandinafoods.com.br\/blog\"],\"url\":\"https:\/\/www.colorandinafoods.com.br\/blog\/author\/mmt_colorandina\/\"}]}<\/script>\n<!-- \/ Yoast SEO plugin. -->","yoast_head_json":{"title":"Ado\u00e7ante stevia em p\u00f3: para que serve com o que tomar para n\u00e3o ter retrogosto? - Color Andina Foods","description":"O ado\u00e7ante stevia em p\u00f3 \u00e9 o substituto ideal do a\u00e7\u00facar. Neste artigo voc\u00ea saber\u00e1 como tomar sem sentir o retrogosto e onde comprar esse produto.","robots":{"index":"index","follow":"follow","max-snippet":"max-snippet:-1","max-image-preview":"max-image-preview:large","max-video-preview":"max-video-preview:-1"},"canonical":"https:\/\/www.colorandinafoods.com.br\/blog\/adocante-stevia-em-po\/","og_locale":"pt_BR","og_type":"article","og_title":"Ado\u00e7ante stevia em p\u00f3: para que serve com o que tomar para n\u00e3o ter retrogosto? - Color Andina Foods","og_description":"O ado\u00e7ante stevia em p\u00f3 \u00e9 o substituto ideal do a\u00e7\u00facar. Neste artigo voc\u00ea saber\u00e1 como tomar sem sentir o retrogosto e onde comprar esse produto.","og_url":"https:\/\/www.colorandinafoods.com.br\/blog\/adocante-stevia-em-po\/","og_site_name":"Color Andina Foods","article_published_time":"2022-10-20T15:37:48+00:00","article_modified_time":"2026-06-23T14:31:42+00:00","og_image":[{"width":2047,"height":2560,"url":"https:\/\/blog.colorandinafoods.com.br\/wp-content\/uploads\/2022\/08\/IMG_6206-scaled.jpg","type":"image\/jpeg"}],"author":"mmt_colorandina","twitter_card":"summary_large_image","twitter_misc":{"Escrito por":false,"Est. tempo de leitura":"11 minutos"},"schema":{"@context":"https:\/\/schema.org","@graph":[{"@type":"WebPage","@id":"https:\/\/www.colorandinafoods.com.br\/blog\/adocante-stevia-em-po\/","url":"https:\/\/www.colorandinafoods.com.br\/blog\/adocante-stevia-em-po\/","name":"Ado\u00e7ante stevia em p\u00f3: para que serve com o que tomar para n\u00e3o ter retrogosto? - Color Andina Foods","isPartOf":{"@id":"https:\/\/www.colorandinafoods.com.br\/blog\/#website"},"primaryImageOfPage":{"@id":"https:\/\/www.colorandinafoods.com.br\/blog\/adocante-stevia-em-po\/#primaryimage"},"image":{"@id":"https:\/\/www.colorandinafoods.com.br\/blog\/adocante-stevia-em-po\/#primaryimage"},"thumbnailUrl":"https:\/\/www.colorandinafoods.com.br\/blog\/wp-content\/uploads\/2022\/08\/IMG_6206-scaled.jpg","datePublished":"2022-10-20T15:37:48+00:00","dateModified":"2026-06-23T14:31:42+00:00","author":{"@id":"https:\/\/www.colorandinafoods.com.br\/blog\/#\/schema\/person\/eb9c4d42a8281609c71790332e602096"},"description":"O ado\u00e7ante stevia em p\u00f3 \u00e9 o substituto ideal do a\u00e7\u00facar. Neste artigo voc\u00ea saber\u00e1 como tomar sem sentir o retrogosto e onde comprar esse produto.","breadcrumb":{"@id":"https:\/\/www.colorandinafoods.com.br\/blog\/adocante-stevia-em-po\/#breadcrumb"},"inLanguage":"pt-BR","potentialAction":[{"@type":"ReadAction","target":["https:\/\/www.colorandinafoods.com.br\/blog\/adocante-stevia-em-po\/"]}]},{"@type":"ImageObject","inLanguage":"pt-BR","@id":"https:\/\/www.colorandinafoods.com.br\/blog\/adocante-stevia-em-po\/#primaryimage","url":"https:\/\/www.colorandinafoods.com.br\/blog\/wp-content\/uploads\/2022\/08\/IMG_6206-scaled.jpg","contentUrl":"https:\/\/www.colorandinafoods.com.br\/blog\/wp-content\/uploads\/2022\/08\/IMG_6206-scaled.jpg","width":2047,"height":2560,"caption":"ado\u00e7ante stevia em p\u00f3"},{"@type":"BreadcrumbList","@id":"https:\/\/www.colorandinafoods.com.br\/blog\/adocante-stevia-em-po\/#breadcrumb","itemListElement":[{"@type":"ListItem","position":1,"name":"In\u00edcio","item":"https:\/\/www.colorandinafoods.com.br\/blog\/"},{"@type":"ListItem","position":2,"name":"Ado\u00e7ante stevia em p\u00f3: para que serve com o que tomar para n\u00e3o ter retrogosto?"}]},{"@type":"WebSite","@id":"https:\/\/www.colorandinafoods.com.br\/blog\/#website","url":"https:\/\/www.colorandinafoods.com.br\/blog\/","name":"Color Andina Foods","description":"Paix\u00e3o pelo natural!","potentialAction":[{"@type":"SearchAction","target":{"@type":"EntryPoint","urlTemplate":"https:\/\/www.colorandinafoods.com.br\/blog\/?s={search_term_string}"},"query-input":{"@type":"PropertyValueSpecification","valueRequired":true,"valueName":"search_term_string"}}],"inLanguage":"pt-BR"},{"@type":"Person","@id":"https:\/\/www.colorandinafoods.com.br\/blog\/#\/schema\/person\/eb9c4d42a8281609c71790332e602096","name":"mmt_colorandina","image":{"@type":"ImageObject","inLanguage":"pt-BR","@id":"https:\/\/www.colorandinafoods.com.br\/blog\/#\/schema\/person\/image\/","url":"https:\/\/secure.gravatar.com\/avatar\/48c0da65da83daabfa6def0522a5314e9183ec93c4fe58132e80af0182361cb0?s=96&d=mm&r=g","contentUrl":"https:\/\/secure.gravatar.com\/avatar\/48c0da65da83daabfa6def0522a5314e9183ec93c4fe58132e80af0182361cb0?s=96&d=mm&r=g","caption":"mmt_colorandina"},"sameAs":["https:\/\/www.colorandinafoods.com.br\/blog"],"url":"https:\/\/www.colorandinafoods.com.br\/blog\/author\/mmt_colorandina\/"}]}},"_links":{"self":[{"href":"https:\/\/www.colorandinafoods.com.br\/blog\/wp-json\/wp\/v2\/posts\/9168","targetHints":{"allow":["GET"]}}],"collection":[{"href":"https:\/\/www.colorandinafoods.com.br\/blog\/wp-json\/wp\/v2\/posts"}],"about":[{"href":"https:\/\/www.colorandinafoods.com.br\/blog\/wp-json\/wp\/v2\/types\/post"}],"author":[{"embeddable":true,"href":"https:\/\/www.colorandinafoods.com.br\/blog\/wp-json\/wp\/v2\/users\/1"}],"replies":[{"embeddable":true,"href":"https:\/\/www.colorandinafoods.com.br\/blog\/wp-json\/wp\/v2\/comments?post=9168"}],"version-history":[{"count":20,"href":"https:\/\/www.colorandinafoods.com.br\/blog\/wp-json\/wp\/v2\/posts\/9168\/revisions"}],"predecessor-version":[{"id":97468,"href":"https:\/\/www.colorandinafoods.com.br\/blog\/wp-json\/wp\/v2\/posts\/9168\/revisions\/97468"}],"wp:attachment":[{"href":"https:\/\/www.colorandinafoods.com.br\/blog\/wp-json\/wp\/v2\/media?parent=9168"}],"wp:term":[{"taxonomy":"category","embeddable":true,"href":"https:\/\/www.colorandinafoods.com.br\/blog\/wp-json\/wp\/v2\/categories?post=9168"},{"taxonomy":"post_tag","embeddable":true,"href":"https:\/\/www.colorandinafoods.com.br\/blog\/wp-json\/wp\/v2\/tags?post=9168"}],"curies":[{"name":"wp","href":"https:\/\/api.w.org\/{rel}","templated":true}]}}